{"id":974,"date":"2023-05-03T21:48:27","date_gmt":"2023-05-03T20:48:27","guid":{"rendered":"https:\/\/www.ecrivaine-essayiste.fr\/?p=974"},"modified":"2023-05-04T21:18:49","modified_gmt":"2023-05-04T20:18:49","slug":"lun-et-lautre-elisabeth-badinter","status":"publish","type":"post","link":"https:\/\/www.ecrivaine-essayiste.fr\/index.php\/2023\/05\/03\/lun-et-lautre-elisabeth-badinter\/","title":{"rendered":"L&rsquo;UN EST L&rsquo;AUTRE &#8211; \u00c9lisabeth Badinter"},"content":{"rendered":"<table style=\"width: 100%; border: none;\">\n<tbody>\n<tr>\n<td><img decoding=\"async\" class=\"alignright\" style=\"text-align: right; width: 302px; border: none;\" src=\"\/wp-content\/uploads\/2023\/05\/l-un_et_l-autre.jpg\" alt=\"L'un et l'autre - \u00c9lisabeth Badinter\" width=\"302\" \/><\/td>\n<\/tr>\n<tr>\n<td style=\"text-align: left;\"><strong>\u00c9lisabeth Badinter<\/strong><br \/>\n<strong>L&rsquo;UN EST L&rsquo;AUTRE<\/strong><br \/>\n<strong>\u00c9diteur : Odile Jacob &#8211; f\u00e9vrier 2002<\/strong><br \/>\n<strong>Format : ebook (ePub)<\/strong><br \/>\n<strong>EAN : 978-<span class=\"\"><span class=\" _2-LMx XqdKF _1UMq0\">2738113641<\/span><\/span><br \/>\n<\/strong><\/td>\n<\/tr>\n<tr>\n<td><a class=\"tooltip\"><img decoding=\"async\" class=\"usr\" src=\"https:\/\/www.ecrivaine-essayiste.fr\/wp-content\/plugins\/universal-star-rating\/includes\/image.php?img=06.png&amp;px=20&amp;max=5&amp;rat=3\" alt=\"3 out of 5 stars\" style=\"height: 20px !important;\" \/><span class=\"tooltip\"><img decoding=\"async\" class=\"callout\" src=\"https:\/\/www.ecrivaine-essayiste.fr\/wp-content\/plugins\/universal-star-rating\/images\/callout.gif\" \/> (3 \/ 5)<\/span><\/a><\/td>\n<\/tr>\n<tr>\n<td style=\"text-align: left;\">En cette \u00e9tude, qui a n\u00e9cessit\u00e9 une approche multidisciplinaire, Madame \u00c9lisabeth Badinter cherche \u00e0 nous transmettre les donn\u00e9es relev\u00e9es par les sp\u00e9cialistes des sciences humaines observant (en occident) un bouleversement de nos valeurs soci\u00e9tales \u00e0 partir du d\u00e9but des ann\u00e9es 1970 ?<br \/>\nAu contraire en d&rsquo;autres parties du monde ces m\u00eames chercheurs ont par contre constat\u00e9 une r\u00e9gression ; un retour aux traditions ancestrales reli\u00e9es \u00e0 des aspects g\u00e9opolitiques et religieux.<\/p>\n<p><em>Cette r\u00e9volution soci\u00e9tale occidentale tendrait d&rsquo;ailleurs \u00e0 s&rsquo;intensifier aujourd&rsquo;hui en 2023 dans l&rsquo;hexagone alors qu&rsquo;en Am\u00e9rique du Nord, certains droits concernant l&rsquo;acc\u00e8s \u00e0 la SANT\u00c9 des femmes sont remis en cause dans la plupart des \u00e9tats-\u00ab\u00a0unis\u00a0\u00bb ou \u00ab\u00a0non\u00a0\u00bb !&#8230;<\/em><\/p>\n<p><em>Constatant cette r\u00e9gression chez nos alli\u00e9s, \u00ab\u00a0la loi Veil\u00a0\u00bb concernant les droits des femmes devrait donc incessamment \u00eatre inscrite dans la constitution fran\u00e7aise ?<\/em><\/p>\n<p>Cependant, je me dois de revenir \u00e0 l&rsquo;ouvrage de Madame Badinter publi\u00e9 en 1986 qui me para\u00eet \u00eatre la continuit\u00e9 naturelle du pr\u00e9c\u00e9dent essai de la m\u00eame autrice : \u00ab\u00a0l&rsquo;Amour en plus\u00a0\u00bb et dont la pens\u00e9e me semble quelque peu pr\u00e9monitoire puisque le mouvement ME TOO (2007) ne fut statu\u00e9 qu&rsquo;apr\u00e8s la parution de \u00ab\u00a0l&rsquo;un est l&rsquo;autre\u00a0\u00bb.<\/p>\n<p><em>Ces \u00ab\u00a0r\u00e9volutions\u00a0\u00bb engendr\u00e9es par les f\u00e9ministes mod\u00e9r\u00e9es dont se revendique \u00c9lisabeth Badinter puis par certaines n\u00e9o-f\u00e9ministes outranci\u00e8res (portant l&rsquo;homme en diffamation quelles que soient ses intentions) n&rsquo;ont pas d\u00e9finitivement r\u00e9solu l&rsquo;EXISTENCE D&rsquo;UNE PUISSANCE F\u00c9MININE POURTANT \u00c9GALE \u00c0 CELLE DE L&rsquo;HOMME D&rsquo;UN POINT DE VUE ONTOLOGIQUE bien que s&rsquo;exprimant SUR UN MODE DIFF\u00c9RENT, ce que les f\u00e9ministes ne s&rsquo;accordent pas toutes \u00e0 admettre.<\/em><br \/>\n<em>Si, comme l&rsquo;assure l&rsquo;autrice de cet ouvrage, le mouvement f\u00e9ministe a permis pour les \u00eatres de genre f\u00e9minin \u00e0 acc\u00e9der (\u00e0 partir de la fin du XXe si\u00e8cle) \u00e0 des pouvoirs tr\u00e8s discr\u00e8tement \u00e9galitaires en Europe \u00e0 ceux des hommes, le dikta bas\u00e9 sur l&rsquo;id\u00e9ologie d&rsquo;une hi\u00e9rarchie entre les \u00eatres humains (en d\u00e9faveur des femmes) fait encore office de r\u00e9alit\u00e9 dans la vie quotidienne de nos concitoyennes quoi qu&rsquo;en dise Madame Badinter.<\/em><br \/>\n<em>En cette ann\u00e9e 2023 je pense &#8211; pour ma part- que le vocable \u00ab\u00a0f\u00e9ministe\u00a0\u00bb m\u00e9riterait une RED\u00c9FINITION compte tenu de la diversit\u00e9 des \u00eatres humains de sexe f\u00e9minin qui se revendiquent de ce mouvement mais qui portent en elles des conceptions non \u00e9quivalentes.<\/em><\/p>\n<p>Ainsi, selon Madame \u00c9lisabeth Badinter, depuis la fin du 18e si\u00e8cle, la puissance des d\u00e9mocraties occidentales n&rsquo;a cess\u00e9 de combattre pour instituer l&rsquo;\u00e9galit\u00e9 entre les \u00eatres humains diff\u00e9remment genr\u00e9s.<br \/>\nCe nouveau contrat social d\u00e9stabilise nos consciences induisant une angoisse existentielle chez chacun des deux sexes.<\/p>\n<p>Il y a \u00e0 peu pr\u00e8s deux si\u00e8cles, les identit\u00e9s sp\u00e9cifiques f\u00e9minines et masculines paraissaient \u00e9videntes ne pouvant en aucun cas \u00eatre remises en question.<br \/>\nLes femmes restaient \u00e0 la maison pour s&rsquo;occuper du foyer et des enfants, les hommes partaient vers d&rsquo;autres horizons pour assurer la s\u00e9curit\u00e9 de la famille par l&rsquo;obtention d&rsquo;un salaire &#8211; en principe &#8211; partag\u00e9 ?<br \/>\nLa diff\u00e9rentiation des sexes s&rsquo;appuyait d&rsquo;un point de vue culturel sur la distribution des t\u00e2ches accord\u00e9es aux un et aux autres, c&rsquo;est-\u00e0-dire sur la notion de compl\u00e9mentarit\u00e9.<br \/>\nAujourd&rsquo;hui, dans les milieux notables les plus ais\u00e9s, les activit\u00e9s professionnelles, politiques, sociales, culturelles, maternelles et m\u00e9nag\u00e8res sont PRESQUE \u00e9quitablement distribu\u00e9es.<br \/>\nCependant ce simulacre d&rsquo;\u00e9galit\u00e9 au lieu d&rsquo;harmoniser les relations entre les hommes et les femmes a occasionn\u00e9 des conflits et des rivalit\u00e9s entre les genres qui ne reconnaissant plus leur compl\u00e9mentarit\u00e9 culturelle premi\u00e8re ont \u00e9labor\u00e9 une autre approche qui les incite l&rsquo;un et l&rsquo;autre \u00e0 se \u00ab\u00a0r\u00e9inventer&rsquo;.<\/p>\n<p>En cette ann\u00e9e 2023, seule la diff\u00e9renciation sexuelle semble imposer &#8211; pour l&rsquo;instant &#8211; sa r\u00e9alit\u00e9 probante. La femme a la possibilit\u00e9 d&rsquo;enfanter, l&rsquo;homme est d\u00e9pourvu de cette potentialit\u00e9.<br \/>\nPorter la diff\u00e9rence identitaire des \u00eatres humains sur la n\u00e9gation de la puissance masculine pourrait occasionner dans un futur plus ou moins proche l&rsquo;\u00e9quation suivante : l&rsquo;un EST l&rsquo;autre = l&rsquo;un SANS l&rsquo;autre<br \/>\npuisque la g\u00e9n\u00e9tique et la technologie permettront sans nul doute d&rsquo;atteindre d&rsquo;ici quelques d\u00e9cennies \u00ab\u00a0la partition\u00a0\u00bb de l&rsquo;homme enceint ?!&#8230;ou celle de la couveuse artificielle faisant office de m\u00e8re porteuse pour l&#8217;embryon f\u00e9cond\u00e9 en laboratoite.<br \/>\nDans cette optique la d\u00e9pendance oblig\u00e9e de l&rsquo;homme et de la femme pour la procr\u00e9ation serait rompue et la survivance des soci\u00e9t\u00e9s se trouverait menac\u00e9e.<br \/>\nCependant selon Madame Badinter, il pourrait aussi advenir, demain, que (face au destin fun\u00e8bre qui semble menacer les terriens au sein de leur propre identit\u00e9 et des menaces plan\u00e9taires qui adviennent), des d\u00e9couvertes scientifiques parviennent \u00e0 surgir afin d&rsquo;offrir \u00e0 l&rsquo;\u00eatre humain la possibilit\u00e9 d&rsquo;une transformation plus radicale qui ferait du terrien un \u00ab\u00a0HOMME NOUVEAU\u00a0\u00bb capable d&rsquo;habiter une plan\u00e8te en constante transformation.<br \/>\nMais nous voici en pleine fiction !&#8230;<br \/>\nToutefois ce d\u00e9nouement pourrait survenir, il fait partie de l&rsquo;improbable et non de l&rsquo;inexorable.<\/p>\n<p><em>Pour l&rsquo;instant nous constatons &#8211; en 2023 &#8211; que l&rsquo;\u00eatre genr\u00e9 masculin souhaite reprendre ses pr\u00e9rogatives ant\u00e9rieures et soumettre sa \u00ab\u00a0compagne\u00a0\u00bb \u00e0 une puissance que seules les religions lui ont donn\u00e9 le droit d&rsquo;acqu\u00e9rir puisqu&rsquo;en Am\u00e9rique du Nord les femmes se sont vues &#8211; dans certains \u00e9tats &#8211; refus\u00e9es des droits qu&rsquo;elles pensaient avoir d\u00e9finitivement acquis.<\/em><br \/>\n<em>La puissance f\u00e9minine qui s&rsquo;affirme incitera-t-elle les hommes qui se sentent menac\u00e9s \u00e0 opter pour une attitude r\u00e9gressive ?<\/em><br \/>\n<em>Les n\u00e9o-f\u00e9ministes poursuivront-elles leurs imprudentes diatribes envers les \u00eatres humains de sexe oppos\u00e9 ?<\/em><\/p>\n<p><em>Suite \u00e0 la lecture de cet ouvrage, nous attendons tous et toutes l&rsquo;improbable&#8230;.\u00a0\u00bbL&rsquo;HOMME MUTANT\u00a0\u00bbcapable de survivre \u00e0 l&rsquo;implacable r\u00e9alit\u00e9 d&rsquo;une transformation sociale et plan\u00e9taire que nous ne pouvons pas occulter.<\/em><\/td>\n<\/tr>\n<tr>\n<td style=\"text-align: right;\">B\u00e9atrysse Dartstray<\/td>\n<\/tr>\n<\/tbody>\n<\/table>\n","protected":false},"excerpt":{"rendered":"<p>\u00c9lisabeth Badinter L&rsquo;UN EST L&rsquo;AUTRE \u00c9diteur : Odile Jacob &#8211; f\u00e9vrier 2002 Format : ebook (ePub) EAN : 978-2738113641 En cette \u00e9tude, qui a n\u00e9cessit\u00e9 une approche multidisciplinaire, Madame \u00c9lisabeth Badinter cherche \u00e0 nous transmettre les donn\u00e9es relev\u00e9es par les sp\u00e9cialistes des sciences humaines observant (en occident) un bouleversement de nos valeurs soci\u00e9tales \u00e0 partir &hellip; <\/p>\n<p class=\"link-more\"><a href=\"https:\/\/www.ecrivaine-essayiste.fr\/index.php\/2023\/05\/03\/lun-et-lautre-elisabeth-badinter\/\" class=\"more-link\">Continuer la lecture<span class=\"screen-reader-text\"> de &laquo;&nbsp;L&rsquo;UN EST L&rsquo;AUTRE &#8211; \u00c9lisabeth Badinter&nbsp;&raquo;<\/span><\/a><\/p>\n","protected":false},"author":1,"featured_media":0,"comment_status":"closed","ping_status":"open","sticky":false,"template":"","format":"standard","meta":{"footnotes":""},"categories":[6],"tags":[576,549,536,583,582,540,542,537,547,25,134,12,587,580,577,545,584,98,546,578,405,20,541,586,579,22,581],"class_list":["post-974","post","type-post","status-publish","format-standard","hentry","category-livres-choisis","tag-576","tag-activite","tag-badinter","tag-culturelle","tag-democratie","tag-desir","tag-droit","tag-elisabeth","tag-feministe","tag-femme","tag-histoire","tag-homme","tag-improbable","tag-loi","tag-me-too","tag-odyssee","tag-politique","tag-psychanalytique","tag-psyche","tag-regression","tag-revolution","tag-sexe","tag-siecles","tag-sociale","tag-societale","tag-societe","tag-veil"],"yoast_head":"<!-- This site is optimized with the Yoast SEO plugin v27.1.1 - https:\/\/yoast.com\/product\/yoast-seo-wordpress\/ -->\n<title>L&#039;UN EST L&#039;AUTRE - \u00c9lisabeth Badinter - B\u00e9atrysse Dartstray<\/title>\n<meta name=\"description\" content=\"La puissance f\u00e9minine qui s&#039;affirme incitera-t-elle les hommes qui se sentent menac\u00e9s \u00e0 opter pour une attitude r\u00e9gressive ?\" \/>\n<meta name=\"robots\" content=\"index, follow, max-snippet:-1, max-image-preview:large, max-video-preview:-1\" \/>\n<link rel=\"canonical\" href=\"https:\/\/www.ecrivaine-essayiste.fr\/index.php\/2023\/05\/03\/lun-et-lautre-elisabeth-badinter\/\" \/>\n<meta property=\"og:locale\" content=\"fr_FR\" \/>\n<meta property=\"og:type\" content=\"article\" \/>\n<meta property=\"og:title\" content=\"L&#039;UN EST L&#039;AUTRE - \u00c9lisabeth Badinter - B\u00e9atrysse Dartstray\" \/>\n<meta property=\"og:description\" content=\"La puissance f\u00e9minine qui s&#039;affirme incitera-t-elle les hommes qui se sentent menac\u00e9s \u00e0 opter pour une attitude r\u00e9gressive ?\" \/>\n<meta property=\"og:url\" content=\"https:\/\/www.ecrivaine-essayiste.fr\/index.php\/2023\/05\/03\/lun-et-lautre-elisabeth-badinter\/\" \/>\n<meta property=\"og:site_name\" content=\"B\u00e9atrysse Dartstray - \u00c9crivaine-essayiste\" \/>\n<meta property=\"article:published_time\" content=\"2023-05-03T20:48:27+00:00\" \/>\n<meta property=\"article:modified_time\" content=\"2023-05-04T20:18:49+00:00\" \/>\n<meta name=\"author\" content=\"Beatrysse\" \/>\n<meta name=\"twitter:card\" content=\"summary_large_image\" \/>\n<meta name=\"twitter:label1\" content=\"\u00c9crit par\" \/>\n\t<meta name=\"twitter:data1\" content=\"Beatrysse\" \/>\n\t<meta name=\"twitter:label2\" content=\"Dur\u00e9e de lecture estim\u00e9e\" \/>\n\t<meta name=\"twitter:data2\" content=\"5 minutes\" \/>\n<script type=\"application\/ld+json\" class=\"yoast-schema-graph\">{\"@context\":\"https:\/\/schema.org\",\"@graph\":[{\"@type\":\"Article\",\"@id\":\"https:\/\/www.ecrivaine-essayiste.fr\/index.php\/2023\/05\/03\/lun-et-lautre-elisabeth-badinter\/#article\",\"isPartOf\":{\"@id\":\"https:\/\/www.ecrivaine-essayiste.fr\/index.php\/2023\/05\/03\/lun-et-lautre-elisabeth-badinter\/\"},\"author\":{\"name\":\"Beatrysse\",\"@id\":\"https:\/\/www.ecrivaine-essayiste.fr\/#\/schema\/person\/6028c912862314c24da1ba7ca2a56a0a\"},\"headline\":\"L&rsquo;UN EST L&rsquo;AUTRE &#8211; \u00c9lisabeth Badinter\",\"datePublished\":\"2023-05-03T20:48:27+00:00\",\"dateModified\":\"2023-05-04T20:18:49+00:00\",\"mainEntityOfPage\":{\"@id\":\"https:\/\/www.ecrivaine-essayiste.fr\/index.php\/2023\/05\/03\/lun-et-lautre-elisabeth-badinter\/\"},\"wordCount\":1071,\"publisher\":{\"@id\":\"https:\/\/www.ecrivaine-essayiste.fr\/#organization\"},\"keywords\":[\"2002\",\"activit\u00e9\",\"badinter\",\"culturelle\",\"d\u00e9mocratie\",\"d\u00e9sir\",\"droit\",\"\u00e9lisabeth\",\"f\u00e9ministe\",\"femme\",\"histoire\",\"homme\",\"improbable\",\"loi\",\"me too\",\"odyss\u00e9e\",\"politique\",\"psychanalytique\",\"psych\u00e9\",\"r\u00e9gression\",\"r\u00e9volution\",\"sexe\",\"si\u00e8cles\",\"sociale\",\"soci\u00e9tale\",\"soci\u00e9t\u00e9\",\"veil\"],\"articleSection\":[\"Livres choisis\"],\"inLanguage\":\"fr-FR\"},{\"@type\":\"WebPage\",\"@id\":\"https:\/\/www.ecrivaine-essayiste.fr\/index.php\/2023\/05\/03\/lun-et-lautre-elisabeth-badinter\/\",\"url\":\"https:\/\/www.ecrivaine-essayiste.fr\/index.php\/2023\/05\/03\/lun-et-lautre-elisabeth-badinter\/\",\"name\":\"L'UN EST L'AUTRE - \u00c9lisabeth Badinter - B\u00e9atrysse Dartstray\",\"isPartOf\":{\"@id\":\"https:\/\/www.ecrivaine-essayiste.fr\/#website\"},\"datePublished\":\"2023-05-03T20:48:27+00:00\",\"dateModified\":\"2023-05-04T20:18:49+00:00\",\"description\":\"La puissance f\u00e9minine qui s'affirme incitera-t-elle les hommes qui se sentent menac\u00e9s \u00e0 opter pour une attitude r\u00e9gressive ?\",\"breadcrumb\":{\"@id\":\"https:\/\/www.ecrivaine-essayiste.fr\/index.php\/2023\/05\/03\/lun-et-lautre-elisabeth-badinter\/#breadcrumb\"},\"inLanguage\":\"fr-FR\",\"potentialAction\":[{\"@type\":\"ReadAction\",\"target\":[\"https:\/\/www.ecrivaine-essayiste.fr\/index.php\/2023\/05\/03\/lun-et-lautre-elisabeth-badinter\/\"]}]},{\"@type\":\"BreadcrumbList\",\"@id\":\"https:\/\/www.ecrivaine-essayiste.fr\/index.php\/2023\/05\/03\/lun-et-lautre-elisabeth-badinter\/#breadcrumb\",\"itemListElement\":[{\"@type\":\"ListItem\",\"position\":1,\"name\":\"Accueil\",\"item\":\"https:\/\/www.ecrivaine-essayiste.fr\/\"},{\"@type\":\"ListItem\",\"position\":2,\"name\":\"L&rsquo;UN EST L&rsquo;AUTRE &#8211; \u00c9lisabeth Badinter\"}]},{\"@type\":\"WebSite\",\"@id\":\"https:\/\/www.ecrivaine-essayiste.fr\/#website\",\"url\":\"https:\/\/www.ecrivaine-essayiste.fr\/\",\"name\":\"B\u00e9atrysse Dartstray - \u00c9crivaine-essayiste\",\"description\":\"Lecture plaisir...\",\"publisher\":{\"@id\":\"https:\/\/www.ecrivaine-essayiste.fr\/#organization\"},\"potentialAction\":[{\"@type\":\"SearchAction\",\"target\":{\"@type\":\"EntryPoint\",\"urlTemplate\":\"https:\/\/www.ecrivaine-essayiste.fr\/?s={search_term_string}\"},\"query-input\":{\"@type\":\"PropertyValueSpecification\",\"valueRequired\":true,\"valueName\":\"search_term_string\"}}],\"inLanguage\":\"fr-FR\"},{\"@type\":\"Organization\",\"@id\":\"https:\/\/www.ecrivaine-essayiste.fr\/#organization\",\"name\":\"B\u00e9atrysse Dartstray - \u00c9crivaine-essayiste\",\"url\":\"https:\/\/www.ecrivaine-essayiste.fr\/\",\"logo\":{\"@type\":\"ImageObject\",\"inLanguage\":\"fr-FR\",\"@id\":\"https:\/\/www.ecrivaine-essayiste.fr\/#\/schema\/logo\/image\/\",\"url\":\"https:\/\/www.ecrivaine-essayiste.fr\/wp-content\/uploads\/2017\/08\/cropped-havre_ecrivaine-essayiste.jpg\",\"contentUrl\":\"https:\/\/www.ecrivaine-essayiste.fr\/wp-content\/uploads\/2017\/08\/cropped-havre_ecrivaine-essayiste.jpg\",\"width\":2000,\"height\":1199,\"caption\":\"B\u00e9atrysse Dartstray - \u00c9crivaine-essayiste\"},\"image\":{\"@id\":\"https:\/\/www.ecrivaine-essayiste.fr\/#\/schema\/logo\/image\/\"}},{\"@type\":\"Person\",\"@id\":\"https:\/\/www.ecrivaine-essayiste.fr\/#\/schema\/person\/6028c912862314c24da1ba7ca2a56a0a\",\"name\":\"Beatrysse\",\"image\":{\"@type\":\"ImageObject\",\"inLanguage\":\"fr-FR\",\"@id\":\"https:\/\/www.ecrivaine-essayiste.fr\/#\/schema\/person\/image\/\",\"url\":\"https:\/\/secure.gravatar.com\/avatar\/460d9453eec44e3f1b526a4d80f87d69ec5bbd5f3beeb2ea12472ef865b22572?s=96&d=identicon&r=g\",\"contentUrl\":\"https:\/\/secure.gravatar.com\/avatar\/460d9453eec44e3f1b526a4d80f87d69ec5bbd5f3beeb2ea12472ef865b22572?s=96&d=identicon&r=g\",\"caption\":\"Beatrysse\"},\"url\":\"https:\/\/www.ecrivaine-essayiste.fr\/index.php\/author\/beatrysse\/\"}]}<\/script>\n<!-- \/ Yoast SEO plugin. -->","yoast_head_json":{"title":"L'UN EST L'AUTRE - \u00c9lisabeth Badinter - B\u00e9atrysse Dartstray","description":"La puissance f\u00e9minine qui s'affirme incitera-t-elle les hommes qui se sentent menac\u00e9s \u00e0 opter pour une attitude r\u00e9gressive ?","robots":{"index":"index","follow":"follow","max-snippet":"max-snippet:-1","max-image-preview":"max-image-preview:large","max-video-preview":"max-video-preview:-1"},"canonical":"https:\/\/www.ecrivaine-essayiste.fr\/index.php\/2023\/05\/03\/lun-et-lautre-elisabeth-badinter\/","og_locale":"fr_FR","og_type":"article","og_title":"L'UN EST L'AUTRE - \u00c9lisabeth Badinter - B\u00e9atrysse Dartstray","og_description":"La puissance f\u00e9minine qui s'affirme incitera-t-elle les hommes qui se sentent menac\u00e9s \u00e0 opter pour une attitude r\u00e9gressive ?","og_url":"https:\/\/www.ecrivaine-essayiste.fr\/index.php\/2023\/05\/03\/lun-et-lautre-elisabeth-badinter\/","og_site_name":"B\u00e9atrysse Dartstray - \u00c9crivaine-essayiste","article_published_time":"2023-05-03T20:48:27+00:00","article_modified_time":"2023-05-04T20:18:49+00:00","author":"Beatrysse","twitter_card":"summary_large_image","twitter_misc":{"\u00c9crit par":"Beatrysse","Dur\u00e9e de lecture estim\u00e9e":"5 minutes"},"schema":{"@context":"https:\/\/schema.org","@graph":[{"@type":"Article","@id":"https:\/\/www.ecrivaine-essayiste.fr\/index.php\/2023\/05\/03\/lun-et-lautre-elisabeth-badinter\/#article","isPartOf":{"@id":"https:\/\/www.ecrivaine-essayiste.fr\/index.php\/2023\/05\/03\/lun-et-lautre-elisabeth-badinter\/"},"author":{"name":"Beatrysse","@id":"https:\/\/www.ecrivaine-essayiste.fr\/#\/schema\/person\/6028c912862314c24da1ba7ca2a56a0a"},"headline":"L&rsquo;UN EST L&rsquo;AUTRE &#8211; \u00c9lisabeth Badinter","datePublished":"2023-05-03T20:48:27+00:00","dateModified":"2023-05-04T20:18:49+00:00","mainEntityOfPage":{"@id":"https:\/\/www.ecrivaine-essayiste.fr\/index.php\/2023\/05\/03\/lun-et-lautre-elisabeth-badinter\/"},"wordCount":1071,"publisher":{"@id":"https:\/\/www.ecrivaine-essayiste.fr\/#organization"},"keywords":["2002","activit\u00e9","badinter","culturelle","d\u00e9mocratie","d\u00e9sir","droit","\u00e9lisabeth","f\u00e9ministe","femme","histoire","homme","improbable","loi","me too","odyss\u00e9e","politique","psychanalytique","psych\u00e9","r\u00e9gression","r\u00e9volution","sexe","si\u00e8cles","sociale","soci\u00e9tale","soci\u00e9t\u00e9","veil"],"articleSection":["Livres choisis"],"inLanguage":"fr-FR"},{"@type":"WebPage","@id":"https:\/\/www.ecrivaine-essayiste.fr\/index.php\/2023\/05\/03\/lun-et-lautre-elisabeth-badinter\/","url":"https:\/\/www.ecrivaine-essayiste.fr\/index.php\/2023\/05\/03\/lun-et-lautre-elisabeth-badinter\/","name":"L'UN EST L'AUTRE - \u00c9lisabeth Badinter - B\u00e9atrysse Dartstray","isPartOf":{"@id":"https:\/\/www.ecrivaine-essayiste.fr\/#website"},"datePublished":"2023-05-03T20:48:27+00:00","dateModified":"2023-05-04T20:18:49+00:00","description":"La puissance f\u00e9minine qui s'affirme incitera-t-elle les hommes qui se sentent menac\u00e9s \u00e0 opter pour une attitude r\u00e9gressive ?","breadcrumb":{"@id":"https:\/\/www.ecrivaine-essayiste.fr\/index.php\/2023\/05\/03\/lun-et-lautre-elisabeth-badinter\/#breadcrumb"},"inLanguage":"fr-FR","potentialAction":[{"@type":"ReadAction","target":["https:\/\/www.ecrivaine-essayiste.fr\/index.php\/2023\/05\/03\/lun-et-lautre-elisabeth-badinter\/"]}]},{"@type":"BreadcrumbList","@id":"https:\/\/www.ecrivaine-essayiste.fr\/index.php\/2023\/05\/03\/lun-et-lautre-elisabeth-badinter\/#breadcrumb","itemListElement":[{"@type":"ListItem","position":1,"name":"Accueil","item":"https:\/\/www.ecrivaine-essayiste.fr\/"},{"@type":"ListItem","position":2,"name":"L&rsquo;UN EST L&rsquo;AUTRE &#8211; \u00c9lisabeth Badinter"}]},{"@type":"WebSite","@id":"https:\/\/www.ecrivaine-essayiste.fr\/#website","url":"https:\/\/www.ecrivaine-essayiste.fr\/","name":"B\u00e9atrysse Dartstray - \u00c9crivaine-essayiste","description":"Lecture plaisir...","publisher":{"@id":"https:\/\/www.ecrivaine-essayiste.fr\/#organization"},"potentialAction":[{"@type":"SearchAction","target":{"@type":"EntryPoint","urlTemplate":"https:\/\/www.ecrivaine-essayiste.fr\/?s={search_term_string}"},"query-input":{"@type":"PropertyValueSpecification","valueRequired":true,"valueName":"search_term_string"}}],"inLanguage":"fr-FR"},{"@type":"Organization","@id":"https:\/\/www.ecrivaine-essayiste.fr\/#organization","name":"B\u00e9atrysse Dartstray - \u00c9crivaine-essayiste","url":"https:\/\/www.ecrivaine-essayiste.fr\/","logo":{"@type":"ImageObject","inLanguage":"fr-FR","@id":"https:\/\/www.ecrivaine-essayiste.fr\/#\/schema\/logo\/image\/","url":"https:\/\/www.ecrivaine-essayiste.fr\/wp-content\/uploads\/2017\/08\/cropped-havre_ecrivaine-essayiste.jpg","contentUrl":"https:\/\/www.ecrivaine-essayiste.fr\/wp-content\/uploads\/2017\/08\/cropped-havre_ecrivaine-essayiste.jpg","width":2000,"height":1199,"caption":"B\u00e9atrysse Dartstray - \u00c9crivaine-essayiste"},"image":{"@id":"https:\/\/www.ecrivaine-essayiste.fr\/#\/schema\/logo\/image\/"}},{"@type":"Person","@id":"https:\/\/www.ecrivaine-essayiste.fr\/#\/schema\/person\/6028c912862314c24da1ba7ca2a56a0a","name":"Beatrysse","image":{"@type":"ImageObject","inLanguage":"fr-FR","@id":"https:\/\/www.ecrivaine-essayiste.fr\/#\/schema\/person\/image\/","url":"https:\/\/secure.gravatar.com\/avatar\/460d9453eec44e3f1b526a4d80f87d69ec5bbd5f3beeb2ea12472ef865b22572?s=96&d=identicon&r=g","contentUrl":"https:\/\/secure.gravatar.com\/avatar\/460d9453eec44e3f1b526a4d80f87d69ec5bbd5f3beeb2ea12472ef865b22572?s=96&d=identicon&r=g","caption":"Beatrysse"},"url":"https:\/\/www.ecrivaine-essayiste.fr\/index.php\/author\/beatrysse\/"}]}},"_links":{"self":[{"href":"https:\/\/www.ecrivaine-essayiste.fr\/index.php\/wp-json\/wp\/v2\/posts\/974","targetHints":{"allow":["GET"]}}],"collection":[{"href":"https:\/\/www.ecrivaine-essayiste.fr\/index.php\/wp-json\/wp\/v2\/posts"}],"about":[{"href":"https:\/\/www.ecrivaine-essayiste.fr\/index.php\/wp-json\/wp\/v2\/types\/post"}],"author":[{"embeddable":true,"href":"https:\/\/www.ecrivaine-essayiste.fr\/index.php\/wp-json\/wp\/v2\/users\/1"}],"replies":[{"embeddable":true,"href":"https:\/\/www.ecrivaine-essayiste.fr\/index.php\/wp-json\/wp\/v2\/comments?post=974"}],"version-history":[{"count":5,"href":"https:\/\/www.ecrivaine-essayiste.fr\/index.php\/wp-json\/wp\/v2\/posts\/974\/revisions"}],"predecessor-version":[{"id":983,"href":"https:\/\/www.ecrivaine-essayiste.fr\/index.php\/wp-json\/wp\/v2\/posts\/974\/revisions\/983"}],"wp:attachment":[{"href":"https:\/\/www.ecrivaine-essayiste.fr\/index.php\/wp-json\/wp\/v2\/media?parent=974"}],"wp:term":[{"taxonomy":"category","embeddable":true,"href":"https:\/\/www.ecrivaine-essayiste.fr\/index.php\/wp-json\/wp\/v2\/categories?post=974"},{"taxonomy":"post_tag","embeddable":true,"href":"https:\/\/www.ecrivaine-essayiste.fr\/index.php\/wp-json\/wp\/v2\/tags?post=974"}],"curies":[{"name":"wp","href":"https:\/\/api.w.org\/{rel}","templated":true}]}}