{"id":427,"date":"2021-06-12T10:00:10","date_gmt":"2021-06-12T09:00:10","guid":{"rendered":"https:\/\/www.ecrivaine-essayiste.fr\/?p=427"},"modified":"2022-03-21T11:58:08","modified_gmt":"2022-03-21T10:58:08","slug":"lesprit-de-latheisme-andre-comte-sponville","status":"publish","type":"post","link":"https:\/\/www.ecrivaine-essayiste.fr\/index.php\/2021\/06\/12\/lesprit-de-latheisme-andre-comte-sponville\/","title":{"rendered":"L&rsquo;ESPRIT DE L&rsquo;ATH\u00c9ISME &#8211; Andr\u00e9 Comte-Sponville"},"content":{"rendered":"<table style=\"width: 100%; border: none;\">\n<tbody>\n<tr>\n<td><img decoding=\"async\" class=\"alignright\" style=\"text-align: right; width: 302px; border: none;\" src=\"\/wp-content\/uploads\/2021\/06\/l-esprit_de_l-atheisme-scaled.jpg\" alt=\"L'esprit de l'ath\u00e9isme - Andr\u00e9 Comte-Sponville\" \/><\/td>\n<\/tr>\n<tr>\n<td style=\"text-align: left;\"><strong>Andr\u00e9 Comte-Sponville<\/strong><br \/>\n<strong>L&rsquo;ESPRIT DE L&rsquo;ATH\u00c9ISME<\/strong><br \/>\n<strong>\u00c9diteur : Albin Michel &#8211; <span class=\"metaProductLight-MiseEnLigne\">Septembre 2006 <\/span><\/strong><br \/>\n<strong> ISBN : 978-2-226-17273<\/strong><strong>-0<br \/>\n<\/strong><\/td>\n<\/tr>\n<tr>\n<td><a class=\"tooltip\"><img decoding=\"async\" class=\"usr\" src=\"https:\/\/www.ecrivaine-essayiste.fr\/wp-content\/plugins\/universal-star-rating\/includes\/image.php?img=06.png&amp;px=20&amp;max=5&amp;rat=4\" alt=\"4 out of 5 stars\" style=\"height: 20px !important;\" \/><span class=\"tooltip\"><img decoding=\"async\" class=\"callout\" src=\"https:\/\/www.ecrivaine-essayiste.fr\/wp-content\/plugins\/universal-star-rating\/images\/callout.gif\" \/> (4 \/ 5)<\/span><\/a><\/td>\n<\/tr>\n<tr>\n<td style=\"text-align: left;\">N\u2019\u00e9tant ni philosophe ni th\u00e9ologien ni psychanalyste, il ne m\u2019appartient pas de commenter l\u2019ouvrage tr\u00e8s document\u00e9 de Monsieur Andr\u00e9 Comte-Sponville, professeur agr\u00e9g\u00e9 de philosophie ; je n\u2019en n\u2019ai ni l\u2019intention ni les capacit\u00e9s ni m\u00eame la pr\u00e9tention ; par cons\u00e9quent, j\u2019opterai simplement &#8211; ci- apr\u00e8s &#8211; pour la libert\u00e9 de questionner l\u2019auteur de cette \u0153uvre savante et quelque peu d\u00e9concertante mais que je vous invite tous \u00e0 lire et \u00e0 relire !&#8230;<\/p>\n<p>Monsieur Andr\u00e9 Comte-Sponville\u00a0; \u00e0 18 ans, vous avez perdu la foi. Votre ouvrage, tr\u00e8s argument\u00e9 me permet \u2013 sinon d\u2019appr\u00e9hender les diff\u00e9rentes strates de votre raisonnement \u2013 tout au moins d\u2019en approcher les \u2018\u2019pr\u00e9mices\u2019\u2019 et le continuum qui semble en r\u00e9sulter, confirmant votre nouvel \u00e9tat d\u2019\u00eatre actuel.<\/p>\n<p>La Puissance de votre cerveau destitue le \u2018\u2019Dieu\u2019\u2019 anthropomorphique et d\u00e9suet adopt\u00e9 par les th\u00e9ologies chr\u00e9tiennes moyen\u00e2geuses qui paraissent pourtant vous avoir accompagn\u00e9 jusqu\u2019\u00e0 la p\u00e9riode de votre adolescence.<\/p>\n<p>Vous vous d\u00e9finissez \u2018\u2019aujourd\u2019hui\u2019\u2019 ou semblez vous imposer comme une entit\u00e9 spirituelle ath\u00e9e.<\/p>\n<p>\u00c0 chacun son chemin, ses d\u00e9couvertes, ses d\u00e9tours, ses r\u00e9incarnations successives au cours d\u2019une m\u00eame ou de plusieurs existences, \u00e0 chacun son libre arbitre aussi infime soit-il.<\/p>\n<p>En ce qui me concerne, je pense que Dieu n\u2019est pas Dieu dans le sens octroy\u00e9 par les religions monoth\u00e9istes ancestrales\u00a0; pourquoi ne serait-il pas le \u2018\u2019Tout\u2019\u2019, \u2018\u2019l\u2019Absolu\u2019\u2019, \u2018\u2019la Substance Spirituelle Infinie (de Spinoza)\u2019\u2019\u2026\u00a0?<br \/>\n(Il faut souligner que Spinoza parle de Nature divine et non de \u00a0\u2018\u2019nature morte\u2019\u2019\u00a0: \u00e0 chacun(e) son interpr\u00e9tation)\u00a0!<br \/>\nSi le R\u00e9el (consid\u00e9r\u00e9 comme le Tout) existe, il me para\u00eet n\u00e9cessairement Anim\u00e9 et Organis\u00e9. Si l\u2019\u00eatre humain subsiste, sa substance corporelle ne saurait \u00eatre mobilis\u00e9e par un cerveau sans Conscience.<br \/>\nComme le R\u00e9el existe, l\u2019\u00eatre humain (inclus au sein de ce dernier) existe \u00e9galement.<\/p>\n<p>Par cons\u00e9quent il me para\u00eet difficile de nier l\u2019existence de \u2018\u2019Dieu\u2019\u2019 d\u2019un point de vue rationnel puisque j\u2019en per\u00e7ois quelques fragments corrobor\u00e9s par la Science.<br \/>\nJe suis \u2013 pour l\u2019instant \u2013 dans une dualit\u00e9 simplement contemplative, cependant, il ne me para\u00eet pas pensable de ne pas pouvoir reconna\u00eetre ou imaginer la possibilit\u00e9 de l\u2019existence d\u2019un sentiment (d\u2019Unit\u00e9), d\u2019un sentiment oc\u00e9anique dont parle Romain Roland \u00e0 son ami Sigmund Freud bien, qu\u2019en ce qui me concerne, je ne l\u2019aie pas exp\u00e9riment\u00e9, V\u00e9ritablement, ce sentiment-l\u00e0 !&#8230;<\/p>\n<p>La Foi n\u2019est donc pour moi qu\u2019une \u00e9vidence, mais \u2018\u2019qu\u2019elle \u00c9vidence !\u2019\u2019 une \u00e9vidence qui se meut alors en une attitude respectueuse devant le Myst\u00e8re du \u2018\u2019Tout\u2019\u2019 qui semble nous contenir. Pourquoi l\u2019expliquerais-je ! Cette \u00c9vidence ?<br \/>\nParce qu\u2019il nous faut toujours tout expliquer.<\/p>\n<p>\u00c0 notre \u00e9chelle humaine, \u2018\u2019Dieu\u2019\u2019 appara\u00eet GLOBALEMENT inaccessible lorsque nous sommes confront\u00e9s \u00e0 notre propre dualit\u00e9. Aussi je retourne \u00e0 mon propos initial qui est non seulement d\u2019essayer de comprendre votre ouvrage, Monsieur Andr\u00e9 Comte-Sponville, mais aussi la mani\u00e8re dont vous souhaitez vous inscrire dans l\u2019Histoire\u2026 dans notre Histoire \u00e0 tous, puisque vous \u00e9crivez.<br \/>\nPar cons\u00e9quent, il me reste une question \u00e0 poser et je m\u2019adresse directement \u00e0 vous-m\u00eame\u00a0: n\u2019avez-vous pas eu l\u2019extraordinaire possibilit\u00e9 de cheminer au-del\u00e0 de votre propre dualit\u00e9 \u00e0 l\u2019instar de Swami Prajnanpad qui d\u00e9finirait la foi comme \u00e9tant \u00ab\u00a0la possibilit\u00e9 de\u00a0s\u2019\u00e9prouver avec le Tout\u00a0\u00bb\u00a0?\u2026vous l\u2019avouez, au c\u0153ur de votre magnifique ouvrage, vous avez vous-m\u00eame v\u00e9cu cette exp\u00e9rience.<\/p>\n<p>En ce qui me concerne, je pense le \u2018\u2019Tout\u2019\u2019 comme \u00e9tant \u2018\u2019Dieu\u2019\u2019, l\u2019Absolu\u2019\u2019, \u2018\u2019la Substance Spirituelle Infinie (de Spinoza)\u2019\u2019. J\u2019avoue ne pas avoir eu la possibilit\u00e9 d\u2019acc\u00e9der \u2013 pour l\u2019instant \u2013 \u00e0 cette ultime V\u00e9rit\u00e9 dont parle\u00a0 le ma\u00eetre spirituel d\u2019Arnaud Desjardins, V\u00e9rit\u00e9 que je vais oser interpr\u00e9ter de la sorte : \u00ab lorsque l\u2019\u00e9go s\u2019efface le \u2018\u2019Tout\u2019\u2019 s\u2019exprime en nous \u00bb ?<\/p>\n<p>Selon Swami Prajnanpad \u2013 philosophe indien du v\u00e9danta non dualiste, il semblerait que vous ayez la Foi puisque vous avez eu la possibilit\u00e9 de vous \u00e9prouvez avec le Tout\u00a0?<br \/>\nManquerais- je donc de Foi ? Cela est fort possible ! Peu m\u2019importe, il me reste la morale et l\u2019\u00e9thique qui m\u2019ont \u00e9t\u00e9 inculqu\u00e9es, aux diff\u00e9rents cours de cat\u00e9ch\u00e8se, durant la p\u00e9riode de mon enfance et de mon adolescence.<\/p>\n<p>Quant \u00e0 la question de \u2018\u2019Dieu\u2019\u2019, ce vocable ne pourrait-il pas s\u2019exprimer (en linguistique s\u00e9miotique), sur l\u2019axe paradigmatique d\u2019un langage plus contemporain, en d\u2019autres terminologies non dualistes\u00a0?<br \/>\nIl se peut que la religion catholique actuelle con\u00e7oive encore \u2018\u2019Dieu\u2019\u2019 comme une entit\u00e9 patriarcale\u00a0?<br \/>\nCela est fort possible et bien entendu totalement respectable lorsque l\u2019on se propose d\u2019opter pour une attitude responsable.<\/td>\n<\/tr>\n<tr>\n<td style=\"text-align: right;\">B\u00e9atrysse Dartstray<\/td>\n<\/tr>\n<\/tbody>\n<\/table>\n","protected":false},"excerpt":{"rendered":"<p>Andr\u00e9 Comte-Sponville L&rsquo;ESPRIT DE L&rsquo;ATH\u00c9ISME \u00c9diteur : Albin Michel &#8211; Septembre 2006 ISBN : 978-2-226-17273-0 N\u2019\u00e9tant ni philosophe ni th\u00e9ologien ni psychanalyste, il ne m\u2019appartient pas de commenter l\u2019ouvrage tr\u00e8s document\u00e9 de Monsieur Andr\u00e9 Comte-Sponville, professeur agr\u00e9g\u00e9 de philosophie ; je n\u2019en n\u2019ai ni l\u2019intention ni les capacit\u00e9s ni m\u00eame la pr\u00e9tention ; par cons\u00e9quent, &hellip; <\/p>\n<p class=\"link-more\"><a href=\"https:\/\/www.ecrivaine-essayiste.fr\/index.php\/2021\/06\/12\/lesprit-de-latheisme-andre-comte-sponville\/\" class=\"more-link\">Continuer la lecture<span class=\"screen-reader-text\"> de &laquo;&nbsp;L&rsquo;ESPRIT DE L&rsquo;ATH\u00c9ISME &#8211; Andr\u00e9 Comte-Sponville&nbsp;&raquo;<\/span><\/a><\/p>\n","protected":false},"author":1,"featured_media":0,"comment_status":"closed","ping_status":"open","sticky":false,"template":"","format":"standard","meta":{"footnotes":""},"categories":[6],"tags":[],"class_list":["post-427","post","type-post","status-publish","format-standard","hentry","category-livres-choisis"],"yoast_head":"<!-- This site is optimized with the Yoast SEO plugin v27.1.1 - https:\/\/yoast.com\/product\/yoast-seo-wordpress\/ -->\n<title>L&#039;ESPRIT DE L&#039;ATH\u00c9ISME - Andr\u00e9 Comte-Sponville - B\u00e9atrysse Dartstray - \u00c9crivaine-essayiste<\/title>\n<meta name=\"robots\" content=\"index, follow, max-snippet:-1, max-image-preview:large, max-video-preview:-1\" \/>\n<link rel=\"canonical\" href=\"https:\/\/www.ecrivaine-essayiste.fr\/index.php\/2021\/06\/12\/lesprit-de-latheisme-andre-comte-sponville\/\" \/>\n<meta property=\"og:locale\" content=\"fr_FR\" \/>\n<meta property=\"og:type\" content=\"article\" \/>\n<meta property=\"og:title\" content=\"L&#039;ESPRIT DE L&#039;ATH\u00c9ISME - Andr\u00e9 Comte-Sponville - B\u00e9atrysse Dartstray - \u00c9crivaine-essayiste\" \/>\n<meta property=\"og:description\" content=\"Andr\u00e9 Comte-Sponville L&rsquo;ESPRIT DE L&rsquo;ATH\u00c9ISME \u00c9diteur : Albin Michel &#8211; Septembre 2006 ISBN : 978-2-226-17273-0 N\u2019\u00e9tant ni philosophe ni th\u00e9ologien ni psychanalyste, il ne m\u2019appartient pas de commenter l\u2019ouvrage tr\u00e8s document\u00e9 de Monsieur Andr\u00e9 Comte-Sponville, professeur agr\u00e9g\u00e9 de philosophie ; je n\u2019en n\u2019ai ni l\u2019intention ni les capacit\u00e9s ni m\u00eame la pr\u00e9tention ; par cons\u00e9quent, &hellip; Continuer la lecture de &laquo;&nbsp;L&rsquo;ESPRIT DE L&rsquo;ATH\u00c9ISME &#8211; Andr\u00e9 Comte-Sponville&nbsp;&raquo;\" \/>\n<meta property=\"og:url\" content=\"https:\/\/www.ecrivaine-essayiste.fr\/index.php\/2021\/06\/12\/lesprit-de-latheisme-andre-comte-sponville\/\" \/>\n<meta property=\"og:site_name\" content=\"B\u00e9atrysse Dartstray - \u00c9crivaine-essayiste\" \/>\n<meta property=\"article:published_time\" content=\"2021-06-12T09:00:10+00:00\" \/>\n<meta property=\"article:modified_time\" content=\"2022-03-21T10:58:08+00:00\" \/>\n<meta property=\"og:image\" content=\"https:\/\/www.ecrivaine-essayiste.fr\/wp-content\/uploads\/2021\/06\/l-esprit_de_l-atheisme-scaled.jpg\" \/>\n<meta name=\"author\" content=\"Beatrysse\" \/>\n<meta name=\"twitter:card\" content=\"summary_large_image\" \/>\n<meta name=\"twitter:label1\" content=\"\u00c9crit par\" \/>\n\t<meta name=\"twitter:data1\" content=\"Beatrysse\" \/>\n\t<meta name=\"twitter:label2\" content=\"Dur\u00e9e de lecture estim\u00e9e\" \/>\n\t<meta name=\"twitter:data2\" content=\"4 minutes\" \/>\n<script type=\"application\/ld+json\" class=\"yoast-schema-graph\">{\"@context\":\"https:\/\/schema.org\",\"@graph\":[{\"@type\":\"Article\",\"@id\":\"https:\/\/www.ecrivaine-essayiste.fr\/index.php\/2021\/06\/12\/lesprit-de-latheisme-andre-comte-sponville\/#article\",\"isPartOf\":{\"@id\":\"https:\/\/www.ecrivaine-essayiste.fr\/index.php\/2021\/06\/12\/lesprit-de-latheisme-andre-comte-sponville\/\"},\"author\":{\"name\":\"Beatrysse\",\"@id\":\"https:\/\/www.ecrivaine-essayiste.fr\/#\/schema\/person\/6028c912862314c24da1ba7ca2a56a0a\"},\"headline\":\"L&rsquo;ESPRIT DE L&rsquo;ATH\u00c9ISME &#8211; Andr\u00e9 Comte-Sponville\",\"datePublished\":\"2021-06-12T09:00:10+00:00\",\"dateModified\":\"2022-03-21T10:58:08+00:00\",\"mainEntityOfPage\":{\"@id\":\"https:\/\/www.ecrivaine-essayiste.fr\/index.php\/2021\/06\/12\/lesprit-de-latheisme-andre-comte-sponville\/\"},\"wordCount\":838,\"publisher\":{\"@id\":\"https:\/\/www.ecrivaine-essayiste.fr\/#organization\"},\"articleSection\":[\"Livres choisis\"],\"inLanguage\":\"fr-FR\"},{\"@type\":\"WebPage\",\"@id\":\"https:\/\/www.ecrivaine-essayiste.fr\/index.php\/2021\/06\/12\/lesprit-de-latheisme-andre-comte-sponville\/\",\"url\":\"https:\/\/www.ecrivaine-essayiste.fr\/index.php\/2021\/06\/12\/lesprit-de-latheisme-andre-comte-sponville\/\",\"name\":\"L'ESPRIT DE L'ATH\u00c9ISME - Andr\u00e9 Comte-Sponville - B\u00e9atrysse Dartstray - \u00c9crivaine-essayiste\",\"isPartOf\":{\"@id\":\"https:\/\/www.ecrivaine-essayiste.fr\/#website\"},\"datePublished\":\"2021-06-12T09:00:10+00:00\",\"dateModified\":\"2022-03-21T10:58:08+00:00\",\"breadcrumb\":{\"@id\":\"https:\/\/www.ecrivaine-essayiste.fr\/index.php\/2021\/06\/12\/lesprit-de-latheisme-andre-comte-sponville\/#breadcrumb\"},\"inLanguage\":\"fr-FR\",\"potentialAction\":[{\"@type\":\"ReadAction\",\"target\":[\"https:\/\/www.ecrivaine-essayiste.fr\/index.php\/2021\/06\/12\/lesprit-de-latheisme-andre-comte-sponville\/\"]}]},{\"@type\":\"BreadcrumbList\",\"@id\":\"https:\/\/www.ecrivaine-essayiste.fr\/index.php\/2021\/06\/12\/lesprit-de-latheisme-andre-comte-sponville\/#breadcrumb\",\"itemListElement\":[{\"@type\":\"ListItem\",\"position\":1,\"name\":\"Accueil\",\"item\":\"https:\/\/www.ecrivaine-essayiste.fr\/\"},{\"@type\":\"ListItem\",\"position\":2,\"name\":\"L&rsquo;ESPRIT DE L&rsquo;ATH\u00c9ISME &#8211; Andr\u00e9 Comte-Sponville\"}]},{\"@type\":\"WebSite\",\"@id\":\"https:\/\/www.ecrivaine-essayiste.fr\/#website\",\"url\":\"https:\/\/www.ecrivaine-essayiste.fr\/\",\"name\":\"B\u00e9atrysse Dartstray - \u00c9crivaine-essayiste\",\"description\":\"Lecture plaisir...\",\"publisher\":{\"@id\":\"https:\/\/www.ecrivaine-essayiste.fr\/#organization\"},\"potentialAction\":[{\"@type\":\"SearchAction\",\"target\":{\"@type\":\"EntryPoint\",\"urlTemplate\":\"https:\/\/www.ecrivaine-essayiste.fr\/?s={search_term_string}\"},\"query-input\":{\"@type\":\"PropertyValueSpecification\",\"valueRequired\":true,\"valueName\":\"search_term_string\"}}],\"inLanguage\":\"fr-FR\"},{\"@type\":\"Organization\",\"@id\":\"https:\/\/www.ecrivaine-essayiste.fr\/#organization\",\"name\":\"B\u00e9atrysse Dartstray - \u00c9crivaine-essayiste\",\"url\":\"https:\/\/www.ecrivaine-essayiste.fr\/\",\"logo\":{\"@type\":\"ImageObject\",\"inLanguage\":\"fr-FR\",\"@id\":\"https:\/\/www.ecrivaine-essayiste.fr\/#\/schema\/logo\/image\/\",\"url\":\"https:\/\/www.ecrivaine-essayiste.fr\/wp-content\/uploads\/2017\/08\/cropped-havre_ecrivaine-essayiste.jpg\",\"contentUrl\":\"https:\/\/www.ecrivaine-essayiste.fr\/wp-content\/uploads\/2017\/08\/cropped-havre_ecrivaine-essayiste.jpg\",\"width\":2000,\"height\":1199,\"caption\":\"B\u00e9atrysse Dartstray - \u00c9crivaine-essayiste\"},\"image\":{\"@id\":\"https:\/\/www.ecrivaine-essayiste.fr\/#\/schema\/logo\/image\/\"}},{\"@type\":\"Person\",\"@id\":\"https:\/\/www.ecrivaine-essayiste.fr\/#\/schema\/person\/6028c912862314c24da1ba7ca2a56a0a\",\"name\":\"Beatrysse\",\"image\":{\"@type\":\"ImageObject\",\"inLanguage\":\"fr-FR\",\"@id\":\"https:\/\/www.ecrivaine-essayiste.fr\/#\/schema\/person\/image\/\",\"url\":\"https:\/\/secure.gravatar.com\/avatar\/460d9453eec44e3f1b526a4d80f87d69ec5bbd5f3beeb2ea12472ef865b22572?s=96&d=identicon&r=g\",\"contentUrl\":\"https:\/\/secure.gravatar.com\/avatar\/460d9453eec44e3f1b526a4d80f87d69ec5bbd5f3beeb2ea12472ef865b22572?s=96&d=identicon&r=g\",\"caption\":\"Beatrysse\"},\"url\":\"https:\/\/www.ecrivaine-essayiste.fr\/index.php\/author\/beatrysse\/\"}]}<\/script>\n<!-- \/ Yoast SEO plugin. -->","yoast_head_json":{"title":"L'ESPRIT DE L'ATH\u00c9ISME - Andr\u00e9 Comte-Sponville - B\u00e9atrysse Dartstray - \u00c9crivaine-essayiste","robots":{"index":"index","follow":"follow","max-snippet":"max-snippet:-1","max-image-preview":"max-image-preview:large","max-video-preview":"max-video-preview:-1"},"canonical":"https:\/\/www.ecrivaine-essayiste.fr\/index.php\/2021\/06\/12\/lesprit-de-latheisme-andre-comte-sponville\/","og_locale":"fr_FR","og_type":"article","og_title":"L'ESPRIT DE L'ATH\u00c9ISME - Andr\u00e9 Comte-Sponville - B\u00e9atrysse Dartstray - \u00c9crivaine-essayiste","og_description":"Andr\u00e9 Comte-Sponville L&rsquo;ESPRIT DE L&rsquo;ATH\u00c9ISME \u00c9diteur : Albin Michel &#8211; Septembre 2006 ISBN : 978-2-226-17273-0 N\u2019\u00e9tant ni philosophe ni th\u00e9ologien ni psychanalyste, il ne m\u2019appartient pas de commenter l\u2019ouvrage tr\u00e8s document\u00e9 de Monsieur Andr\u00e9 Comte-Sponville, professeur agr\u00e9g\u00e9 de philosophie ; je n\u2019en n\u2019ai ni l\u2019intention ni les capacit\u00e9s ni m\u00eame la pr\u00e9tention ; par cons\u00e9quent, &hellip; Continuer la lecture de &laquo;&nbsp;L&rsquo;ESPRIT DE L&rsquo;ATH\u00c9ISME &#8211; Andr\u00e9 Comte-Sponville&nbsp;&raquo;","og_url":"https:\/\/www.ecrivaine-essayiste.fr\/index.php\/2021\/06\/12\/lesprit-de-latheisme-andre-comte-sponville\/","og_site_name":"B\u00e9atrysse Dartstray - \u00c9crivaine-essayiste","article_published_time":"2021-06-12T09:00:10+00:00","article_modified_time":"2022-03-21T10:58:08+00:00","og_image":[{"url":"https:\/\/www.ecrivaine-essayiste.fr\/wp-content\/uploads\/2021\/06\/l-esprit_de_l-atheisme-scaled.jpg","type":"","width":"","height":""}],"author":"Beatrysse","twitter_card":"summary_large_image","twitter_misc":{"\u00c9crit par":"Beatrysse","Dur\u00e9e de lecture estim\u00e9e":"4 minutes"},"schema":{"@context":"https:\/\/schema.org","@graph":[{"@type":"Article","@id":"https:\/\/www.ecrivaine-essayiste.fr\/index.php\/2021\/06\/12\/lesprit-de-latheisme-andre-comte-sponville\/#article","isPartOf":{"@id":"https:\/\/www.ecrivaine-essayiste.fr\/index.php\/2021\/06\/12\/lesprit-de-latheisme-andre-comte-sponville\/"},"author":{"name":"Beatrysse","@id":"https:\/\/www.ecrivaine-essayiste.fr\/#\/schema\/person\/6028c912862314c24da1ba7ca2a56a0a"},"headline":"L&rsquo;ESPRIT DE L&rsquo;ATH\u00c9ISME &#8211; Andr\u00e9 Comte-Sponville","datePublished":"2021-06-12T09:00:10+00:00","dateModified":"2022-03-21T10:58:08+00:00","mainEntityOfPage":{"@id":"https:\/\/www.ecrivaine-essayiste.fr\/index.php\/2021\/06\/12\/lesprit-de-latheisme-andre-comte-sponville\/"},"wordCount":838,"publisher":{"@id":"https:\/\/www.ecrivaine-essayiste.fr\/#organization"},"articleSection":["Livres choisis"],"inLanguage":"fr-FR"},{"@type":"WebPage","@id":"https:\/\/www.ecrivaine-essayiste.fr\/index.php\/2021\/06\/12\/lesprit-de-latheisme-andre-comte-sponville\/","url":"https:\/\/www.ecrivaine-essayiste.fr\/index.php\/2021\/06\/12\/lesprit-de-latheisme-andre-comte-sponville\/","name":"L'ESPRIT DE L'ATH\u00c9ISME - Andr\u00e9 Comte-Sponville - B\u00e9atrysse Dartstray - \u00c9crivaine-essayiste","isPartOf":{"@id":"https:\/\/www.ecrivaine-essayiste.fr\/#website"},"datePublished":"2021-06-12T09:00:10+00:00","dateModified":"2022-03-21T10:58:08+00:00","breadcrumb":{"@id":"https:\/\/www.ecrivaine-essayiste.fr\/index.php\/2021\/06\/12\/lesprit-de-latheisme-andre-comte-sponville\/#breadcrumb"},"inLanguage":"fr-FR","potentialAction":[{"@type":"ReadAction","target":["https:\/\/www.ecrivaine-essayiste.fr\/index.php\/2021\/06\/12\/lesprit-de-latheisme-andre-comte-sponville\/"]}]},{"@type":"BreadcrumbList","@id":"https:\/\/www.ecrivaine-essayiste.fr\/index.php\/2021\/06\/12\/lesprit-de-latheisme-andre-comte-sponville\/#breadcrumb","itemListElement":[{"@type":"ListItem","position":1,"name":"Accueil","item":"https:\/\/www.ecrivaine-essayiste.fr\/"},{"@type":"ListItem","position":2,"name":"L&rsquo;ESPRIT DE L&rsquo;ATH\u00c9ISME &#8211; Andr\u00e9 Comte-Sponville"}]},{"@type":"WebSite","@id":"https:\/\/www.ecrivaine-essayiste.fr\/#website","url":"https:\/\/www.ecrivaine-essayiste.fr\/","name":"B\u00e9atrysse Dartstray - \u00c9crivaine-essayiste","description":"Lecture plaisir...","publisher":{"@id":"https:\/\/www.ecrivaine-essayiste.fr\/#organization"},"potentialAction":[{"@type":"SearchAction","target":{"@type":"EntryPoint","urlTemplate":"https:\/\/www.ecrivaine-essayiste.fr\/?s={search_term_string}"},"query-input":{"@type":"PropertyValueSpecification","valueRequired":true,"valueName":"search_term_string"}}],"inLanguage":"fr-FR"},{"@type":"Organization","@id":"https:\/\/www.ecrivaine-essayiste.fr\/#organization","name":"B\u00e9atrysse Dartstray - \u00c9crivaine-essayiste","url":"https:\/\/www.ecrivaine-essayiste.fr\/","logo":{"@type":"ImageObject","inLanguage":"fr-FR","@id":"https:\/\/www.ecrivaine-essayiste.fr\/#\/schema\/logo\/image\/","url":"https:\/\/www.ecrivaine-essayiste.fr\/wp-content\/uploads\/2017\/08\/cropped-havre_ecrivaine-essayiste.jpg","contentUrl":"https:\/\/www.ecrivaine-essayiste.fr\/wp-content\/uploads\/2017\/08\/cropped-havre_ecrivaine-essayiste.jpg","width":2000,"height":1199,"caption":"B\u00e9atrysse Dartstray - \u00c9crivaine-essayiste"},"image":{"@id":"https:\/\/www.ecrivaine-essayiste.fr\/#\/schema\/logo\/image\/"}},{"@type":"Person","@id":"https:\/\/www.ecrivaine-essayiste.fr\/#\/schema\/person\/6028c912862314c24da1ba7ca2a56a0a","name":"Beatrysse","image":{"@type":"ImageObject","inLanguage":"fr-FR","@id":"https:\/\/www.ecrivaine-essayiste.fr\/#\/schema\/person\/image\/","url":"https:\/\/secure.gravatar.com\/avatar\/460d9453eec44e3f1b526a4d80f87d69ec5bbd5f3beeb2ea12472ef865b22572?s=96&d=identicon&r=g","contentUrl":"https:\/\/secure.gravatar.com\/avatar\/460d9453eec44e3f1b526a4d80f87d69ec5bbd5f3beeb2ea12472ef865b22572?s=96&d=identicon&r=g","caption":"Beatrysse"},"url":"https:\/\/www.ecrivaine-essayiste.fr\/index.php\/author\/beatrysse\/"}]}},"_links":{"self":[{"href":"https:\/\/www.ecrivaine-essayiste.fr\/index.php\/wp-json\/wp\/v2\/posts\/427","targetHints":{"allow":["GET"]}}],"collection":[{"href":"https:\/\/www.ecrivaine-essayiste.fr\/index.php\/wp-json\/wp\/v2\/posts"}],"about":[{"href":"https:\/\/www.ecrivaine-essayiste.fr\/index.php\/wp-json\/wp\/v2\/types\/post"}],"author":[{"embeddable":true,"href":"https:\/\/www.ecrivaine-essayiste.fr\/index.php\/wp-json\/wp\/v2\/users\/1"}],"replies":[{"embeddable":true,"href":"https:\/\/www.ecrivaine-essayiste.fr\/index.php\/wp-json\/wp\/v2\/comments?post=427"}],"version-history":[{"count":4,"href":"https:\/\/www.ecrivaine-essayiste.fr\/index.php\/wp-json\/wp\/v2\/posts\/427\/revisions"}],"predecessor-version":[{"id":441,"href":"https:\/\/www.ecrivaine-essayiste.fr\/index.php\/wp-json\/wp\/v2\/posts\/427\/revisions\/441"}],"wp:attachment":[{"href":"https:\/\/www.ecrivaine-essayiste.fr\/index.php\/wp-json\/wp\/v2\/media?parent=427"}],"wp:term":[{"taxonomy":"category","embeddable":true,"href":"https:\/\/www.ecrivaine-essayiste.fr\/index.php\/wp-json\/wp\/v2\/categories?post=427"},{"taxonomy":"post_tag","embeddable":true,"href":"https:\/\/www.ecrivaine-essayiste.fr\/index.php\/wp-json\/wp\/v2\/tags?post=427"}],"curies":[{"name":"wp","href":"https:\/\/api.w.org\/{rel}","templated":true}]}}