{"id":1471,"date":"2026-04-30T19:21:40","date_gmt":"2026-04-30T18:21:40","guid":{"rendered":"https:\/\/www.ecrivaine-essayiste.fr\/?p=1471"},"modified":"2026-04-30T19:21:42","modified_gmt":"2026-04-30T18:21:42","slug":"les-lumieres-sombres-arnaud-miranda","status":"publish","type":"post","link":"https:\/\/www.ecrivaine-essayiste.fr\/index.php\/2026\/04\/30\/les-lumieres-sombres-arnaud-miranda\/","title":{"rendered":"LES LUMI\u00c8RES SOMBRES &#8211; Arnaud Miranda"},"content":{"rendered":"<table style=\"width: 100%; border: none;\">\n<tbody>\n<tr>\n<td><img decoding=\"async\" class=\"alignright\" style=\"text-align: right; width: 305px; border: none;\" src=\"\/wp-content\/uploads\/2026\/04\/les_lumieres_sombres.jpg\" alt=\"Les Lumi\u00e8res sombres. Comprendre la pens\u00e9e n\u00e9or\u00e9actionnaire - Arnaud Miranda\"><\/td>\n<\/tr>\n<tr>\n<td style=\"text-align: left;\"><strong>Arnaud Miranda<\/strong><br \/>\n<strong>LES LUMI\u00c8RES SOMBRES<br \/>Comprendre la pens\u00e9e n\u00e9or\u00e9actionnaire<\/strong><br \/>\n<strong>\u00c9diteur : <span class=\"a-list-item\"><span class=\"a-text-bold\">Gallimard &#8211; janvier 2026<\/span><\/span><\/strong><br \/>\n<strong>EAN : <span class=\"a-list-item\">978-2073140326<\/span><br \/>\n<\/strong><\/td>\n<\/tr>\n<tr>\n<td style=\"text-align: left;\"><em>En parcourant l&rsquo;ouvrage de Monsieur Arnaud Miranda, je n&rsquo;ai pas souhait\u00e9 effectuer un commentaire qui ne serait pas cr\u00e9dible puisqu&rsquo;il m&rsquo;est personnellement impossible de v\u00e9rifier les informations formul\u00e9es par l&rsquo;auteur de cet essai.<\/p>\n<p>Par contre cet ouvrage m&rsquo;est apparu comme faisant partie \u00ab\u00a0des indispensables\u00a0\u00bb et Monsieur Arnaud Miranda (philosophe,  docteur en sciences politiques et certainement geek certifi\u00e9) pourrait \u00eatre volontairement ou \u00e0 son insu, un v\u00e9ritable lanceur d&rsquo;alerte.<br \/>C&rsquo;est pourquoi il m&rsquo;a sembl\u00e9 utile d&rsquo;\u00e9crire quelques lignes sur cet ouvrage qui s&rsquo;adresse \u00e0 chacune et\/ou chacun d&rsquo;entre nous.<\/p>\n<p>Avoir la pr\u00e9tention de vouloir r\u00e9sumer le livre de Monsieur Arnaud Miranda serait &#8211; pour ma part &#8211; \u00e9galement irresponsable compte-tenu du niveau d&rsquo;\u00e9rudition de l&rsquo;auteur dont l&rsquo;ampleur des connaissances qu&rsquo;il divulgue proc\u00e8de de \u00ab\u00a0l&rsquo;insondable multidisciplinarit\u00e9\u00a0\u00bb. <br \/>J&rsquo;ai donc suivi la ligne directive de cette \u0153uvre en question en reformulant simplement quelques \u00e9l\u00e9ments cl\u00e9s tout en les \u00ab\u00a0interpr\u00e9tant\u00a0\u00bb afin d&rsquo;inviter mes lecteurs \u00e0 acqu\u00e9rir et \u00e0 lire cet essai pour qu&rsquo;ils parviennent \u00e0 t\u00e9moigner du monde qui pourrait advenir si nous n&rsquo;y prenions garde.<\/em><\/p>\n<p>Nous sommes \u00e0 Washington en l&rsquo;an 2035 ?!&#8230;<br \/>Quelques lignes simplement pour d\u00e9finir les contours d&rsquo;un monde nouveau imagin\u00e9 par Arnaud Miranda, monde anti-d\u00e9mocratique dirig\u00e9 par un monarque absolu fabriqu\u00e9 de toutes pi\u00e8ces par quelques groupuscules issus du \u00ab\u00a0lobbying entreprise\u00a0\u00bb en relation avec certaines \u00e9lites de la soci\u00e9t\u00e9 num\u00e9rique de la Silicon Valley.<br \/>Plus de crimes, plus de ch\u00f4mage, mais un \u00e9tat prosp\u00e8re d\u00e9fiant toutes les nations du monde sous le contr\u00f4le \u00ab\u00a0d&rsquo;un roi\u00a0\u00bb dont l&rsquo;autorit\u00e9 r\u00e9it\u00e8re son pouvoir sur des \u00e9crans publicitaires rappelant son omnipr\u00e9sence au centre de  cette nouvelle nation fictive dot\u00e9e de tours immenses de voitures volantes sans pilote \u00e9voluant dans une nature transfigur\u00e9e par la grande restauration qui fit des \u00e9tats unis 2035 la \u00ab\u00a0US SovCorp\u00a0\u00bb l&rsquo;\u00e9tat entreprise le plus riche du monde.<br \/>Mais cette br\u00e8ve et inqui\u00e9tante histoire FICTIVE n&rsquo;est que l&rsquo;introduction du tr\u00e8s s\u00e9rieux essai r\u00e9alis\u00e9 par Monsieur Arnaud Miranda.<\/p>\n<p><em>D&rsquo;apr\u00e8s les informations r\u00e9ceptionn\u00e9es sur internet, Arnaud Miranda serait docteur en th\u00e9orie politique, associ\u00e9 \u00e0 CEVIPOF (Sciences Po).<br \/>Apr\u00e8s des \u00e9tudes de philosophie et de sciences politiques il aurait obtenu le prix de jeune chercheur \u00e0 la Fondation des Treilles en 2024 pour sa th\u00e8se intitul\u00e9e : les pens\u00e9es contemporaines de la d\u00e9cadence : un imaginaire antid\u00e9mocratique.<br \/>Il enseigne depuis 2019 l&rsquo;histoire des id\u00e9es politiques et la philosophie \u00e0 Sciences Po, \u00e0 l&rsquo;universit\u00e9 Versailles Saint-Quentin et \u00e0 l&rsquo;Institut catholique de Paris.<\/em><\/p>\n<p>Apr\u00e8s un bref rappel de la situation politique aux USA suite aux pr\u00e9sidences Barack Obama\/ Joe Biden, Arnaud Miranda s&rsquo;\u00e9vertue \u00e0 vouloir nous expliquer les concepts qui ont vu \u00e9merger les divers mouvements de la droite AM\u00c9RICAINE actuelle.<\/p>\n<p>Trump \u00e0 la maison blanche en 2016 lors de son premier mandat avait sid\u00e9r\u00e9 l&rsquo;Am\u00e9rique d\u00e9mocratique en s&rsquo;inspirant des id\u00e9ologies chaotiques du ALT-RIGHT promues par Steeve Banon qui affichait un soutien de plusieurs personnalit\u00e9s associ\u00e9es aux mouvements populistes de droite radicale et d&rsquo;extr\u00eame droite.<br \/>C&rsquo;est pourtant en partie gr\u00e2ce \u00e0 Steeve Banon que Trump aurait r\u00e9ussi son ascension fulgurante pour acc\u00e9der \u00e0 la pr\u00e9sidence de la Maison Blanche.<br \/>Devenu conseiller pr\u00e9sidentiel au lendemain des \u00e9lections qui institu\u00e8rent Donald Trump \u00e0 la pr\u00e9sidence des \u00c9tats-Unis en 2016, il ne restera que 6 mois au poste qui lui avait \u00e9t\u00e9 d\u00e9cern\u00e9.<br \/>Cependant cet ancien conseiller restant fid\u00e8le \u00e0 ses convictions enclenchera l&rsquo;assaut du Capitole en Janvier 2021 lors de la pr\u00e9sidence d\u00e9mocratique de Joe Biden ce qui demeurera presque un aveu d&rsquo;\u00e9chec pour l&rsquo;id\u00e9ologie du alt-right trop fractur\u00e9e dans un premier temps pour \u00e9laborer une assise anti-d\u00e9mocratique susceptible de renverser le pouvoir Biden de cette \u00e9poque.<br \/>Cette id\u00e9ologie demeure cependant l&rsquo;un des fondements des lumi\u00e8res sombres soit du mouvement n\u00e9or\u00e9actionnaire.<\/p>\n<p>Mais revenons \u00e0 la th\u00e9matique abord\u00e9e par cet essai qui incite Monsieur Arnaud Miranda \u00e0 r\u00e9\u00e9valuer les diverses mouvances de droite aux \u00c9tats-Unis.<br \/>Les conservateurs pourraient \u00eatre d\u00e9finis comme protectionnistes  d&rsquo;un ordre social \u00e9tabli tout en acceptant par contrainte d&rsquo;int\u00e9grer les mouvements d\u00e9mocratiques et lib\u00e9raux  constitutifs d&rsquo;une \u00e9volution soci\u00e9tale d\u00e9j\u00e0 acquise.<br \/>Les r\u00e9actionnaires au contraire veulent renverser ces r\u00e9gimes pour r\u00e9tablir un ordre social pass\u00e9iste en pr\u00f4nant des valeurs tels que la hi\u00e9rarchie, et le respect de l&rsquo;autorit\u00e9 et des privil\u00e8ges.<br \/>Les conservateurs et les r\u00e9actionnaires sont sur le versant social, critique de la modernit\u00e9 bien que les conservateurs montrent \u00e0 cet \u00e9gard une attitude plus nuanc\u00e9e.<\/p>\n<p>Les libertariens am\u00e9ricains quant \u00e0 eux optent pour un courant qui valorise les comp\u00e9tences individuelles, la famille, le patrimoine et la religion. Ils ne se pr\u00e9occupent pas ou peu de la notion de partage et d&rsquo;\u00e9galit\u00e9 et lui pr\u00e9f\u00e8rent la libert\u00e9 d&rsquo;entreprendre et \u00ab\u00a0\u00a0\u00bb sur l&rsquo;\u00e9tat de droit.<\/p>\n<p>Certains libertariens veulent rompre avec la d\u00e9mocratie tel Hoppe qui pr\u00f4ne l&rsquo;anarcho-capitalisme et qui ouvre la voie \u00e0 une nouvelle g\u00e9n\u00e9ration qui va donner les r\u00eanes \u00e0 un certain Milton Friedmann cr\u00e9ateur du projet \u00ab\u00a0seateading\u00a0\u00bb ayant pour intention de cr\u00e9er des plateformes afin d&rsquo;accueillir des micros \u00e9tats dans l&rsquo;\u00c9tat.<br \/>Son initiative est financ\u00e9e par le milliardaire PETER THIEL.<br \/>Selon Friedmann le syst\u00e8me d\u00e9mocratique s&rsquo;av\u00e8re incompatible avec un \u00e9tat libertarien.<br \/>Cette position post-libertarienne serait \u00e0 l&rsquo;origine de la pens\u00e9e N\u00c9OR\u00c9ACTIONNAIRE dont Curtis Yarvin, libertarien d\u00e9\u00e7u, serait le principal fondateur.<\/p>\n<p>Si L&rsquo;ann\u00e9e 2010 voit \u00e9merger en Am\u00e9rique la structuration du mouvement R\u00c9ACTIONNAIRE,  concomitant au d\u00e9veloppement de l&rsquo;ALT-RIGHT qui joua un r\u00f4le pr\u00e9pond\u00e9rant dans la victoire de Trump lors de son premier mandat.<br \/>La N\u00c9OR\u00c9ACTION n&rsquo;en est alors qu&rsquo;\u00e0 ses balbutiements mais certains r\u00e9seaux d&rsquo;acteurs vont d\u00e9velopper leur influence politique qui participeront discr\u00e8tement \u00e0 l&rsquo;accession de Trump \u00e0 la maison blanche pour son deuxi\u00e8me mandat.<\/p>\n<p>Le mouvement de la N\u00c9OR\u00c9ACTION est interd\u00e9pendant de celui de l&rsquo;ALT-RIGHT tous deux antid\u00e9mocrates.<br \/>Ils r\u00e9v\u00e8lent toutefois des formes de pens\u00e9e qui divergent sur certains aspects de r\u00e9alit\u00e9.<br \/>l&rsquo;ALT-RIGHT est une formation politique populiste et ethnonationaliste ; ces deux options n&rsquo;entrent pas dans le courant n\u00e9or\u00e9actionnaire am\u00e9ricain.<\/p>\n<p>Libertarien d\u00e9\u00e7u, Curtis Yarvin, quant \u00e0 lui, se dit \u00ab\u00a0passiviste\u00a0\u00bb et ne cherche pas \u00e0 \u00ab\u00a0convoquer\u00a0\u00bb la masse disparate des internautes, il intervient sur les r\u00e9seaux sociaux am\u00e9ricains, par l&rsquo;interm\u00e9diaire de blogs qui s&rsquo;adressent \u00e0 l&rsquo;\u00e9lite intellectuelle et notamment \u00e0 la caste des entrepreneurs \u00ab\u00a0g\u00e9niaux\u00a0\u00bb et \u00ab\u00a0imaginatifs\u00a0\u00bb dont les projets seraient  contrecarr\u00e9s par l&rsquo;\u00e9tat, les taxes, la r\u00e9gulation, la redistribution c&rsquo;est-\u00e0-dire la nature m\u00eame de la d\u00e9mocratie. <br \/>D&rsquo;abord connu comme blogueur sous le nom de \u00ab\u00a0Mencius Moldbug\u00a0\u00bb Curtis Yarvin est devenu le collaborateur id\u00e9al pour fonder la l\u00e9gitimit\u00e9 de Trump lors du second mandat pr\u00e9sidentiel de ce dernier.<\/p>\n<p>Selon Arnaud Miranda, le style litt\u00e9raire (utilis\u00e9 dans les blogs de Moldbug) se veut parfois ironique voire outrancier pour d\u00e9fendre une cause id\u00e9ologique qui lui est acquise mais qui peut para\u00eetre \u00e0 certains scandaleuse tant elle est audacieuse et d\u00e9pourvue d&#8217;empathie.<\/p>\n<p>Ancien libertarien Yarvin excelle \u00e0 remettre en question son appartenance \u00e0 un mouvement qui ne produit pas la libert\u00e9 d&rsquo;entreprise attendue.<br \/>Selon cet id\u00e9ologue les libertariens ne seraient pas rassembleurs, leurs positionnement anarchiste pour la droite classique appara\u00eet inacceptable et la d\u00e9fense du libre march\u00e9 sonnerait comme une offense pour les gauchistes.<br \/>Yarvin dessine donc une th\u00e9orie qui pourrait enclencher une libert\u00e9 contr\u00f4l\u00e9e.<\/p>\n<p>Fort de cette inspiration Yarvin affirme que \u00ab\u00a0l&rsquo;esprit libertarien\u00a0\u00bb ne peut \u00eatre introduit que par l&rsquo;existence d&rsquo;un \u00e9tat souverain assurant la paix, la libert\u00e9, le \u00ab\u00a0droit\u00a0\u00bb et la s\u00e9curit\u00e9. Ce revirement r\u00e9actionnaire ne constitue pas une trahison pour Yarvin mais une concr\u00e9tisation politique de l&rsquo;\u00e9tat libertarien.<\/p>\n<p>Outre l&rsquo;instabilit\u00e9 politique du r\u00e9gime actuel aux USA. les mouvements qui lui ont donn\u00e9 naissance nous interpellent et peut-\u00eatre plus sp\u00e9cifiquement les id\u00e9ologies de Yarvin et de Land c&rsquo;est-\u00e0-dire des deux n\u00e9or\u00e9actionnaires vraiment reconnus et mentionn\u00e9s comme tels par Monsieur Arnaud Miranda.<\/p>\n<p>La th\u00e9orie de Yarvin s&rsquo;appuie sur les trois principes fondamentaux suivants : la cons\u00e9cration du formalisme, la n\u00e9gation de la \u00ab\u00a0cath\u00e9drale\u00a0\u00bb, et le renversement de la d\u00e9mocratie.<\/p>\n<p>&#8211; Le FORMMALISME (selon Moldbug) serait la seule solution pour allier prosp\u00e9rit\u00e9 et stabilit\u00e9 politique.<br \/>Pour cet intellectuel, l&rsquo;incertitude cr\u00e9e le conflit.<br \/>\nPour \u00e9viter l&rsquo;instabilit\u00e9 issue du conflit, il faudrait stipuler des normes de propri\u00e9t\u00e9 qu&rsquo;il suffirait de r\u00e9guler opportun\u00e9ment sans se soucier des questions de l\u00e9gitimit\u00e9 ant\u00e9rieure sans se soucier non plus de notions d&rsquo;\u00e9thique qui contribueraient \u00e0 questionner donc \u00e0 cr\u00e9er l&rsquo;incertitude et par voie de cons\u00e9quence \u00e0 inviter le conflit.<br \/>Cette notion de propri\u00e9t\u00e9 individuelle \u00ab\u00a0normalis\u00e9e\u00a0\u00bb serait valable et inclurait les m\u00eames enjeux et proc\u00e9dures pour la propri\u00e9t\u00e9 de l&rsquo;\u00c9tat am\u00e9ricain ce qui par voie de cons\u00e9quence pourrait mettre en danger la permanence de nos institutions d\u00e9mocratiques europ\u00e9ennes et menacer d&rsquo;appropriation les nations n&rsquo;ayant pas la possibilit\u00e9 de s&rsquo;affirmer telle une \u00ab\u00a0grande puissance\u00a0\u00bb pour faire face \u00e0 un tel d\u00e9fi.<\/p>\n<p>La CATH\u00c9DRALE quant \u00e0 elle constituerait une pyramide \u00e9tatique dont \u00ab\u00a0l&rsquo;origine progressiste\u00a0\u00bb en assurerait le fondement.<br \/>La libert\u00e9, l&rsquo;\u00e9galit\u00e9, la fraternit\u00e9, la justice&#8230;.sont pour Yarvin des artifices issus de la religion chr\u00e9tienne qui ne serait qu&rsquo;un  id\u00e9al &#8211; par anticipation &#8211; caduque car impossible \u00e0 concr\u00e9tiser.<br \/>Le maintien de la \u00ab\u00a0cath\u00e9drale\u00a0\u00bb d\u00e9truirait &#8211; selon Moldbug &#8211; toute possibilit\u00e9 de libre enrichissement individuel et\/ou collectif.<\/p>\n<p>En ce qui concerne la D\u00c9MOCRATIE qui d\u00e9coule de cette pyramide \u00e9tatique de cette cath\u00e9drale englu\u00e9e au sein de fondements id\u00e9ologiques id\u00e9alistes il faudrait tout simplement &#8211; toujours selon cet id\u00e9ologue &#8211; l&rsquo;\u00e9radiquer.<br \/>Yarvin nous donne le sch\u00e9ma ex\u00e9cutoire du renversement de la d\u00e9mocratie.<br \/><em>Sc\u00e9nario &#8211; \u00e0 mon humble avis &#8211; cauchemardesque pour un occidental un tant soit peu civilis\u00e9 !..<\/em><br \/>Pour Yarvin (alias : Moldbug), il suffirait de rep\u00e9rer, de rassembler et de former quelques blogueurs parmi les \u00e9lites les plus avertis de \u00ab\u00a0la tech\u00a0\u00bb afin de cr\u00e9er un r\u00e9seau de communication, herm\u00e9tique et ind\u00e9pendant de la masse du peuple pour \u00e9laborer un projet secret capable d&rsquo;op\u00e9rer un changement de r\u00e9gime par \u00e9limination du c\u0153ur de ce dernier c&rsquo;est-\u00e0-dire de \u00ab\u00a0LA CATH\u00c9DRALE\u00a0\u00bb.<br \/>Pour ce faire&#8230;remplacer l&rsquo;appareil d&rsquo;\u00c9tat par un super PDG capable de prendre la main sur le budget, les politiques publiques et le personnel ; nationaliser la presse et les universit\u00e9s afin de \u00ab\u00a0cadenasser\u00a0\u00bb les pouvoirs de l&rsquo;\u00e9tat en place dans le but de le renverser&#8230;constituerait les modes d&rsquo;action \u00e0 adopter.<br \/>Mais l\u00e0 encore Yarvin s&rsquo;av\u00e8re sceptique quant \u00e0 la possibilit\u00e9 de renverser D\u00c9FINITIVEMENT ou plus exactement \u00ab\u00a0DURABLEMENT D\u00c9FINIMENT\u00a0\u00bb les fondements et les pouvoirs de ce qu&rsquo;il nomme \u00ab\u00a0LA CATH\u00c9DRALE\u00a0\u00bb.<\/p>\n<p>La th\u00e9orie de Land, philosophe n\u00e9or\u00e9actionnaire (dont le nom a \u00e9t\u00e9 \u00e9voqu\u00e9 pr\u00e9c\u00e9demment) para\u00eet de prime abord encore beaucoup plus d\u00e9stabilisante, futuriste UTOPISTE que celle de Moldbug puisque Monsieur Land introduit LA SCIENCE FICTION au sein de son syst\u00e8me de pens\u00e9e.<br \/>Philosophe issu de la tradition continentale, Land s&rsquo;exprime dans un style herm\u00e9tique difficile \u00e0 d\u00e9mystifier.<br \/>Son \u00e9volution d&rsquo;une gauche avant-gardiste des ann\u00e9es 1990 \u00e0 une droite n\u00e9or\u00e9actionnaire peut para\u00eetre difficilement compr\u00e9hensible mais rien n&rsquo;est fig\u00e9 sur le plan de notre existence terrestre et Monsieur Land suivant les pr\u00e9ceptes de Deleuze dont il pourrait pr\u00e9tendre \u00eatre le disciple rejoint, d\u00e9passe et prolonge finalement l&rsquo;id\u00e9ologie de Nietzsche qui axait sa pens\u00e9e sur la n\u00e9gation de la m\u00e9taphysique pour cr\u00e9er un SURHOMME r\u00e9alisateur de \u00ab\u00a0sa volont\u00e9 de puissance\u00a0\u00bb.<br \/>Land se dit n\u00e9or\u00e9actionnaire \u00ab\u00a0acc\u00e9l\u00e9rationniste\u00a0\u00bb. La pens\u00e9e de Kant lui sert de socle de base pour \u00e9laborer sa strat\u00e9gie philosophique.<br \/>\nPour Kant \u00ab\u00a0tout ce qui d\u00e9passe le r\u00e9gime l\u00e9gitime de la connaissance  empirique \u00ab\u00a0LE NOUM\u00c8NE\u00a0\u00bb, n&rsquo;est pas accessible \u00e0 l&rsquo;entendement \u00e0 l&rsquo;oppos\u00e9 du \u00ab\u00a0PH\u00c9NOM\u00c8NE\u00a0\u00bb qui serait le domaine du connaissable.\u00a0\u00bb<br \/>Land va s&#8217;employer \u00e0 briser la barri\u00e8re entre le NOUM\u00c8NE et le PH\u00c9NOM\u00c8NE en s&rsquo;appuyant sur la triade : BATAILLE\/DELEUSE\/GUATTARI, philosophes qui se sont tous les trois efforc\u00e9s \u00e0 d\u00e9faire le n\u0153ud kantien.<br \/>\nPour Land, seul le MOUN\u00c8ME serait digne d&rsquo;int\u00e9r\u00eat puisque le but de la philosophie serait justement d&rsquo;acc\u00e9der \u00e0 sa d\u00e9couverte de mani\u00e8re acc\u00e9l\u00e9r\u00e9e (acc\u00e9l\u00e9rationnisme).<br \/>\nPour ce faire un changement de politique &#8211; s&rsquo;av\u00e8re pour lui &#8211; in\u00e9vitable c&rsquo;est pourquoi Nick Lang initialement progressiste va adh\u00e9rer \u00a0\u00bb (contrairement \u00e0 la triade philosophique) \u00e9voqu\u00e9e ci-dessus \u00ab\u00a0en toute conscience\u00a0\u00bb \u00e0 une forme de capitalisme expansionniste exponentiel tr\u00e8s \u00e9nergivore agissant in\u00e9vitablement dans le sens de son propre an\u00e9antissement et de celui de l&rsquo;humanit\u00e9 telle que nous la connaissons.<\/p>\n<p>Face \u00e0 cet effondrement, l&rsquo;homme pour survivre n&rsquo;aurait d&rsquo;autre solution que de rompre D\u00c9FINITIVEMENT avec la cath\u00e9drale de YARVIN afin de permettre \u00e0 l&rsquo;\u00e9lite intellectuelle de faire s\u00e9cession pour cr\u00e9er une nouvelle esp\u00e8ce sup\u00e9rieure gr\u00e2ce aux progr\u00e8s de la manipulation g\u00e9n\u00e9tique et de la technologie.<br \/>Ce nouveau concept in\u00e9galitaire eug\u00e9niste visant \u00e0 la cr\u00e9ation d&rsquo;une cr\u00e9ature humano\u00efde biotechnologique sup\u00e9rieure au groupe social \u00ab\u00a0lambda\u00a0\u00bb rel\u00e8ve d&rsquo;une id\u00e9ologie que Land nomme sans complexe \u00ab\u00a0hyper raciste\u00a0\u00bb et qu&rsquo;il appelle de ses v\u0153ux.?!&#8230;<br \/>D&rsquo;apr\u00e8s Arnaud Miranda Yarvin et Land sont les deux figures n\u00e9or\u00e9actionnaires les plus m\u00e9diatis\u00e9es.<br \/>Yarvin propose une id\u00e9ologie qui s&rsquo;av\u00e8re d\u00e9j\u00e0 presque r\u00e9aliste tandis que Land s&rsquo;est tourn\u00e9 vers un devenir hallucinatoire qu&rsquo;il souhaiterait advenir mais qui rel\u00e8ve de la pure fiction.<\/p>\n<p>Entre ces deux mouvements d&rsquo;autres penseurs n\u00e9or\u00e9actionnaires \u00e9mergent, tous revendiquent l&rsquo;absolu n\u00e9cessit\u00e9 d&rsquo;une abolition de \u00ab\u00a0la cath\u00e9drale\u00a0\u00bb pour que l&rsquo;\u00e9lite intellectuelle prenne le pouvoir et d\u00e9construisent notre vieux monde d\u00e9mocratique pour acc\u00e9der \u00e0 une nouvelle \u00e8re bas\u00e9e sur l&rsquo;eug\u00e9nisme.<\/p>\n<p><em>Tr\u00e8s complexe, l&rsquo;essai de Monsieur Arnaud Miranda nous permet toutefois d&rsquo;entrevoir les limites de la d\u00e9mocratie \u00e0 laquelle certains \u00e9tats dont la France fondent encore leurs esp\u00e9rances.<br \/>Cependant les id\u00e9ologues n\u00e9or\u00e9actionnaires qui nous plongent dans un monde d&rsquo;\u00e9pouvante pourraient voir leurs efforts contre-productifs en \u00e9veillant chez les \u00e9lites intellectuelles moins d\u00e9lirantes une contre-r\u00e9action n\u00e9or\u00e9actionnaire savante imaginative et participative d&rsquo;un mouvement \u00e9volutif, futuriste mod\u00e9r\u00e9 mais surtout fraternel et respectueux des droits de l&rsquo;homme sachant qu&rsquo;en l&rsquo;absence de ces cerveaux bien- pensants\/bienfaisants que nous sommes toutes et tous en droit d&rsquo;attendre l&#8230; certains citoyens &#8211; de tous bords &#8211; non invit\u00e9s aux agapes eug\u00e9nistes pourraient se risquer \u00e0 investir leur puissance dans une nouvelle r\u00e9volution non souhaitable mais pouvant toutefois induire un sursaut de r\u00e9alisme et d&rsquo;humanisme d\u00e9sesp\u00e9r\u00e9 afin de sauvegarder la Vie au sein et au del\u00e0 de nos fronti\u00e8res.<\/em><\/td>\n<\/tr>\n<tr>\n<td style=\"text-align: right;\">B\u00e9atrysse Dartstray<\/td>\n<\/tr>\n<\/tbody>\n<\/table>\n","protected":false},"excerpt":{"rendered":"<p>Arnaud Miranda LES LUMI\u00c8RES SOMBRESComprendre la pens\u00e9e n\u00e9or\u00e9actionnaire \u00c9diteur : Gallimard &#8211; janvier 2026 EAN : 978-2073140326 En parcourant l&rsquo;ouvrage de Monsieur Arnaud Miranda, je n&rsquo;ai pas souhait\u00e9 effectuer un commentaire qui ne serait pas cr\u00e9dible puisqu&rsquo;il m&rsquo;est personnellement impossible de v\u00e9rifier les informations formul\u00e9es par l&rsquo;auteur de cet essai. Par contre cet ouvrage m&rsquo;est &hellip; <\/p>\n<p class=\"link-more\"><a href=\"https:\/\/www.ecrivaine-essayiste.fr\/index.php\/2026\/04\/30\/les-lumieres-sombres-arnaud-miranda\/\" class=\"more-link\">Continuer la lecture<span class=\"screen-reader-text\"> de &laquo;&nbsp;LES LUMI\u00c8RES SOMBRES &#8211; Arnaud Miranda&nbsp;&raquo;<\/span><\/a><\/p>\n","protected":false},"author":1,"featured_media":0,"comment_status":"closed","ping_status":"closed","sticky":false,"template":"","format":"standard","meta":{"footnotes":""},"categories":[185],"tags":[1594,1596,1601,1602,1595,1593,1597,1598,1600,1599],"class_list":["post-1471","post","type-post","status-publish","format-standard","hentry","category-petite-bibliotheque","tag-arnaud-miranda","tag-insondable-multidisciplinarite","tag-joe-biden","tag-la-morale-immediate","tag-lanceur-dalerte","tag-lumieres-sombres","tag-monde-nouveau","tag-silicon-valley","tag-steeve-banon","tag-theorie-politique"],"yoast_head":"<!-- This site is optimized with the Yoast SEO plugin v27.5 - https:\/\/yoast.com\/product\/yoast-seo-wordpress\/ -->\n<title>LES LUMI\u00c8RES SOMBRES - Arnaud Miranda - B\u00e9atrysse Dartstray - \u00c9crivaine-essayiste<\/title>\n<meta name=\"description\" content=\"C&#039;est pourquoi il m&#039;a sembl\u00e9 utile d&#039;\u00e9crire quelques lignes sur cet ouvrage qui s&#039;adresse \u00e0 chacune et\/ou chacun d&#039;entre nous.\" \/>\n<meta name=\"robots\" content=\"index, follow, max-snippet:-1, max-image-preview:large, max-video-preview:-1\" \/>\n<link rel=\"canonical\" href=\"https:\/\/www.ecrivaine-essayiste.fr\/index.php\/2026\/04\/30\/les-lumieres-sombres-arnaud-miranda\/\" \/>\n<meta property=\"og:locale\" content=\"fr_FR\" \/>\n<meta property=\"og:type\" content=\"article\" \/>\n<meta property=\"og:title\" content=\"LES LUMI\u00c8RES SOMBRES - Arnaud Miranda - B\u00e9atrysse Dartstray - \u00c9crivaine-essayiste\" \/>\n<meta property=\"og:description\" content=\"C&#039;est pourquoi il m&#039;a sembl\u00e9 utile d&#039;\u00e9crire quelques lignes sur cet ouvrage qui s&#039;adresse \u00e0 chacune et\/ou chacun d&#039;entre nous.\" \/>\n<meta property=\"og:url\" content=\"https:\/\/www.ecrivaine-essayiste.fr\/index.php\/2026\/04\/30\/les-lumieres-sombres-arnaud-miranda\/\" \/>\n<meta property=\"og:site_name\" content=\"B\u00e9atrysse Dartstray - \u00c9crivaine-essayiste\" \/>\n<meta property=\"article:published_time\" content=\"2026-04-30T18:21:40+00:00\" \/>\n<meta property=\"article:modified_time\" content=\"2026-04-30T18:21:42+00:00\" \/>\n<meta name=\"author\" content=\"Beatrysse\" \/>\n<meta name=\"twitter:card\" content=\"summary_large_image\" \/>\n<meta name=\"twitter:label1\" content=\"\u00c9crit par\" \/>\n\t<meta name=\"twitter:data1\" content=\"Beatrysse\" \/>\n\t<meta name=\"twitter:label2\" content=\"Dur\u00e9e de lecture estim\u00e9e\" \/>\n\t<meta name=\"twitter:data2\" content=\"12 minutes\" \/>\n<script type=\"application\/ld+json\" class=\"yoast-schema-graph\">{\"@context\":\"https:\\\/\\\/schema.org\",\"@graph\":[{\"@type\":\"Article\",\"@id\":\"https:\\\/\\\/www.ecrivaine-essayiste.fr\\\/index.php\\\/2026\\\/04\\\/30\\\/les-lumieres-sombres-arnaud-miranda\\\/#article\",\"isPartOf\":{\"@id\":\"https:\\\/\\\/www.ecrivaine-essayiste.fr\\\/index.php\\\/2026\\\/04\\\/30\\\/les-lumieres-sombres-arnaud-miranda\\\/\"},\"author\":{\"name\":\"Beatrysse\",\"@id\":\"https:\\\/\\\/www.ecrivaine-essayiste.fr\\\/#\\\/schema\\\/person\\\/6028c912862314c24da1ba7ca2a56a0a\"},\"headline\":\"LES LUMI\u00c8RES SOMBRES &#8211; Arnaud Miranda\",\"datePublished\":\"2026-04-30T18:21:40+00:00\",\"dateModified\":\"2026-04-30T18:21:42+00:00\",\"mainEntityOfPage\":{\"@id\":\"https:\\\/\\\/www.ecrivaine-essayiste.fr\\\/index.php\\\/2026\\\/04\\\/30\\\/les-lumieres-sombres-arnaud-miranda\\\/\"},\"wordCount\":2701,\"publisher\":{\"@id\":\"https:\\\/\\\/www.ecrivaine-essayiste.fr\\\/#organization\"},\"keywords\":[\"arnaud miranda\",\"insondable multidisciplinarit\u00e9\",\"joe biden\",\"la morale imm\u00e9diate\",\"lanceur d'alerte\",\"lumi\u00e8res sombres\",\"monde nouveau\",\"silicon valley\",\"steeve banon\",\"th\u00e9orie politique\"],\"articleSection\":[\"Petite biblioth\u00e8que\"],\"inLanguage\":\"fr-FR\"},{\"@type\":\"WebPage\",\"@id\":\"https:\\\/\\\/www.ecrivaine-essayiste.fr\\\/index.php\\\/2026\\\/04\\\/30\\\/les-lumieres-sombres-arnaud-miranda\\\/\",\"url\":\"https:\\\/\\\/www.ecrivaine-essayiste.fr\\\/index.php\\\/2026\\\/04\\\/30\\\/les-lumieres-sombres-arnaud-miranda\\\/\",\"name\":\"LES LUMI\u00c8RES SOMBRES - Arnaud Miranda - B\u00e9atrysse Dartstray - \u00c9crivaine-essayiste\",\"isPartOf\":{\"@id\":\"https:\\\/\\\/www.ecrivaine-essayiste.fr\\\/#website\"},\"datePublished\":\"2026-04-30T18:21:40+00:00\",\"dateModified\":\"2026-04-30T18:21:42+00:00\",\"description\":\"C'est pourquoi il m'a sembl\u00e9 utile d'\u00e9crire quelques lignes sur cet ouvrage qui s'adresse \u00e0 chacune et\\\/ou chacun d'entre nous.\",\"breadcrumb\":{\"@id\":\"https:\\\/\\\/www.ecrivaine-essayiste.fr\\\/index.php\\\/2026\\\/04\\\/30\\\/les-lumieres-sombres-arnaud-miranda\\\/#breadcrumb\"},\"inLanguage\":\"fr-FR\",\"potentialAction\":[{\"@type\":\"ReadAction\",\"target\":[\"https:\\\/\\\/www.ecrivaine-essayiste.fr\\\/index.php\\\/2026\\\/04\\\/30\\\/les-lumieres-sombres-arnaud-miranda\\\/\"]}]},{\"@type\":\"BreadcrumbList\",\"@id\":\"https:\\\/\\\/www.ecrivaine-essayiste.fr\\\/index.php\\\/2026\\\/04\\\/30\\\/les-lumieres-sombres-arnaud-miranda\\\/#breadcrumb\",\"itemListElement\":[{\"@type\":\"ListItem\",\"position\":1,\"name\":\"Accueil\",\"item\":\"https:\\\/\\\/www.ecrivaine-essayiste.fr\\\/\"},{\"@type\":\"ListItem\",\"position\":2,\"name\":\"LES LUMI\u00c8RES SOMBRES &#8211; Arnaud Miranda\"}]},{\"@type\":\"WebSite\",\"@id\":\"https:\\\/\\\/www.ecrivaine-essayiste.fr\\\/#website\",\"url\":\"https:\\\/\\\/www.ecrivaine-essayiste.fr\\\/\",\"name\":\"B\u00e9atrysse Dartstray - \u00c9crivaine-essayiste\",\"description\":\"Lecture plaisir...\",\"publisher\":{\"@id\":\"https:\\\/\\\/www.ecrivaine-essayiste.fr\\\/#organization\"},\"potentialAction\":[{\"@type\":\"SearchAction\",\"target\":{\"@type\":\"EntryPoint\",\"urlTemplate\":\"https:\\\/\\\/www.ecrivaine-essayiste.fr\\\/?s={search_term_string}\"},\"query-input\":{\"@type\":\"PropertyValueSpecification\",\"valueRequired\":true,\"valueName\":\"search_term_string\"}}],\"inLanguage\":\"fr-FR\"},{\"@type\":\"Organization\",\"@id\":\"https:\\\/\\\/www.ecrivaine-essayiste.fr\\\/#organization\",\"name\":\"B\u00e9atrysse Dartstray - \u00c9crivaine-essayiste\",\"url\":\"https:\\\/\\\/www.ecrivaine-essayiste.fr\\\/\",\"logo\":{\"@type\":\"ImageObject\",\"inLanguage\":\"fr-FR\",\"@id\":\"https:\\\/\\\/www.ecrivaine-essayiste.fr\\\/#\\\/schema\\\/logo\\\/image\\\/\",\"url\":\"https:\\\/\\\/www.ecrivaine-essayiste.fr\\\/wp-content\\\/uploads\\\/2017\\\/08\\\/cropped-havre_ecrivaine-essayiste.jpg\",\"contentUrl\":\"https:\\\/\\\/www.ecrivaine-essayiste.fr\\\/wp-content\\\/uploads\\\/2017\\\/08\\\/cropped-havre_ecrivaine-essayiste.jpg\",\"width\":2000,\"height\":1199,\"caption\":\"B\u00e9atrysse Dartstray - \u00c9crivaine-essayiste\"},\"image\":{\"@id\":\"https:\\\/\\\/www.ecrivaine-essayiste.fr\\\/#\\\/schema\\\/logo\\\/image\\\/\"}},{\"@type\":\"Person\",\"@id\":\"https:\\\/\\\/www.ecrivaine-essayiste.fr\\\/#\\\/schema\\\/person\\\/6028c912862314c24da1ba7ca2a56a0a\",\"name\":\"Beatrysse\",\"image\":{\"@type\":\"ImageObject\",\"inLanguage\":\"fr-FR\",\"@id\":\"https:\\\/\\\/secure.gravatar.com\\\/avatar\\\/460d9453eec44e3f1b526a4d80f87d69ec5bbd5f3beeb2ea12472ef865b22572?s=96&d=identicon&r=g\",\"url\":\"https:\\\/\\\/secure.gravatar.com\\\/avatar\\\/460d9453eec44e3f1b526a4d80f87d69ec5bbd5f3beeb2ea12472ef865b22572?s=96&d=identicon&r=g\",\"contentUrl\":\"https:\\\/\\\/secure.gravatar.com\\\/avatar\\\/460d9453eec44e3f1b526a4d80f87d69ec5bbd5f3beeb2ea12472ef865b22572?s=96&d=identicon&r=g\",\"caption\":\"Beatrysse\"},\"url\":\"https:\\\/\\\/www.ecrivaine-essayiste.fr\\\/index.php\\\/author\\\/beatrysse\\\/\"}]}<\/script>\n<!-- \/ Yoast SEO plugin. -->","yoast_head_json":{"title":"LES LUMI\u00c8RES SOMBRES - Arnaud Miranda - B\u00e9atrysse Dartstray - \u00c9crivaine-essayiste","description":"C'est pourquoi il m'a sembl\u00e9 utile d'\u00e9crire quelques lignes sur cet ouvrage qui s'adresse \u00e0 chacune et\/ou chacun d'entre nous.","robots":{"index":"index","follow":"follow","max-snippet":"max-snippet:-1","max-image-preview":"max-image-preview:large","max-video-preview":"max-video-preview:-1"},"canonical":"https:\/\/www.ecrivaine-essayiste.fr\/index.php\/2026\/04\/30\/les-lumieres-sombres-arnaud-miranda\/","og_locale":"fr_FR","og_type":"article","og_title":"LES LUMI\u00c8RES SOMBRES - Arnaud Miranda - B\u00e9atrysse Dartstray - \u00c9crivaine-essayiste","og_description":"C'est pourquoi il m'a sembl\u00e9 utile d'\u00e9crire quelques lignes sur cet ouvrage qui s'adresse \u00e0 chacune et\/ou chacun d'entre nous.","og_url":"https:\/\/www.ecrivaine-essayiste.fr\/index.php\/2026\/04\/30\/les-lumieres-sombres-arnaud-miranda\/","og_site_name":"B\u00e9atrysse Dartstray - \u00c9crivaine-essayiste","article_published_time":"2026-04-30T18:21:40+00:00","article_modified_time":"2026-04-30T18:21:42+00:00","author":"Beatrysse","twitter_card":"summary_large_image","twitter_misc":{"\u00c9crit par":"Beatrysse","Dur\u00e9e de lecture estim\u00e9e":"12 minutes"},"schema":{"@context":"https:\/\/schema.org","@graph":[{"@type":"Article","@id":"https:\/\/www.ecrivaine-essayiste.fr\/index.php\/2026\/04\/30\/les-lumieres-sombres-arnaud-miranda\/#article","isPartOf":{"@id":"https:\/\/www.ecrivaine-essayiste.fr\/index.php\/2026\/04\/30\/les-lumieres-sombres-arnaud-miranda\/"},"author":{"name":"Beatrysse","@id":"https:\/\/www.ecrivaine-essayiste.fr\/#\/schema\/person\/6028c912862314c24da1ba7ca2a56a0a"},"headline":"LES LUMI\u00c8RES SOMBRES &#8211; Arnaud Miranda","datePublished":"2026-04-30T18:21:40+00:00","dateModified":"2026-04-30T18:21:42+00:00","mainEntityOfPage":{"@id":"https:\/\/www.ecrivaine-essayiste.fr\/index.php\/2026\/04\/30\/les-lumieres-sombres-arnaud-miranda\/"},"wordCount":2701,"publisher":{"@id":"https:\/\/www.ecrivaine-essayiste.fr\/#organization"},"keywords":["arnaud miranda","insondable multidisciplinarit\u00e9","joe biden","la morale imm\u00e9diate","lanceur d'alerte","lumi\u00e8res sombres","monde nouveau","silicon valley","steeve banon","th\u00e9orie politique"],"articleSection":["Petite biblioth\u00e8que"],"inLanguage":"fr-FR"},{"@type":"WebPage","@id":"https:\/\/www.ecrivaine-essayiste.fr\/index.php\/2026\/04\/30\/les-lumieres-sombres-arnaud-miranda\/","url":"https:\/\/www.ecrivaine-essayiste.fr\/index.php\/2026\/04\/30\/les-lumieres-sombres-arnaud-miranda\/","name":"LES LUMI\u00c8RES SOMBRES - Arnaud Miranda - B\u00e9atrysse Dartstray - \u00c9crivaine-essayiste","isPartOf":{"@id":"https:\/\/www.ecrivaine-essayiste.fr\/#website"},"datePublished":"2026-04-30T18:21:40+00:00","dateModified":"2026-04-30T18:21:42+00:00","description":"C'est pourquoi il m'a sembl\u00e9 utile d'\u00e9crire quelques lignes sur cet ouvrage qui s'adresse \u00e0 chacune et\/ou chacun d'entre nous.","breadcrumb":{"@id":"https:\/\/www.ecrivaine-essayiste.fr\/index.php\/2026\/04\/30\/les-lumieres-sombres-arnaud-miranda\/#breadcrumb"},"inLanguage":"fr-FR","potentialAction":[{"@type":"ReadAction","target":["https:\/\/www.ecrivaine-essayiste.fr\/index.php\/2026\/04\/30\/les-lumieres-sombres-arnaud-miranda\/"]}]},{"@type":"BreadcrumbList","@id":"https:\/\/www.ecrivaine-essayiste.fr\/index.php\/2026\/04\/30\/les-lumieres-sombres-arnaud-miranda\/#breadcrumb","itemListElement":[{"@type":"ListItem","position":1,"name":"Accueil","item":"https:\/\/www.ecrivaine-essayiste.fr\/"},{"@type":"ListItem","position":2,"name":"LES LUMI\u00c8RES SOMBRES &#8211; Arnaud Miranda"}]},{"@type":"WebSite","@id":"https:\/\/www.ecrivaine-essayiste.fr\/#website","url":"https:\/\/www.ecrivaine-essayiste.fr\/","name":"B\u00e9atrysse Dartstray - \u00c9crivaine-essayiste","description":"Lecture plaisir...","publisher":{"@id":"https:\/\/www.ecrivaine-essayiste.fr\/#organization"},"potentialAction":[{"@type":"SearchAction","target":{"@type":"EntryPoint","urlTemplate":"https:\/\/www.ecrivaine-essayiste.fr\/?s={search_term_string}"},"query-input":{"@type":"PropertyValueSpecification","valueRequired":true,"valueName":"search_term_string"}}],"inLanguage":"fr-FR"},{"@type":"Organization","@id":"https:\/\/www.ecrivaine-essayiste.fr\/#organization","name":"B\u00e9atrysse Dartstray - \u00c9crivaine-essayiste","url":"https:\/\/www.ecrivaine-essayiste.fr\/","logo":{"@type":"ImageObject","inLanguage":"fr-FR","@id":"https:\/\/www.ecrivaine-essayiste.fr\/#\/schema\/logo\/image\/","url":"https:\/\/www.ecrivaine-essayiste.fr\/wp-content\/uploads\/2017\/08\/cropped-havre_ecrivaine-essayiste.jpg","contentUrl":"https:\/\/www.ecrivaine-essayiste.fr\/wp-content\/uploads\/2017\/08\/cropped-havre_ecrivaine-essayiste.jpg","width":2000,"height":1199,"caption":"B\u00e9atrysse Dartstray - \u00c9crivaine-essayiste"},"image":{"@id":"https:\/\/www.ecrivaine-essayiste.fr\/#\/schema\/logo\/image\/"}},{"@type":"Person","@id":"https:\/\/www.ecrivaine-essayiste.fr\/#\/schema\/person\/6028c912862314c24da1ba7ca2a56a0a","name":"Beatrysse","image":{"@type":"ImageObject","inLanguage":"fr-FR","@id":"https:\/\/secure.gravatar.com\/avatar\/460d9453eec44e3f1b526a4d80f87d69ec5bbd5f3beeb2ea12472ef865b22572?s=96&d=identicon&r=g","url":"https:\/\/secure.gravatar.com\/avatar\/460d9453eec44e3f1b526a4d80f87d69ec5bbd5f3beeb2ea12472ef865b22572?s=96&d=identicon&r=g","contentUrl":"https:\/\/secure.gravatar.com\/avatar\/460d9453eec44e3f1b526a4d80f87d69ec5bbd5f3beeb2ea12472ef865b22572?s=96&d=identicon&r=g","caption":"Beatrysse"},"url":"https:\/\/www.ecrivaine-essayiste.fr\/index.php\/author\/beatrysse\/"}]}},"_links":{"self":[{"href":"https:\/\/www.ecrivaine-essayiste.fr\/index.php\/wp-json\/wp\/v2\/posts\/1471","targetHints":{"allow":["GET"]}}],"collection":[{"href":"https:\/\/www.ecrivaine-essayiste.fr\/index.php\/wp-json\/wp\/v2\/posts"}],"about":[{"href":"https:\/\/www.ecrivaine-essayiste.fr\/index.php\/wp-json\/wp\/v2\/types\/post"}],"author":[{"embeddable":true,"href":"https:\/\/www.ecrivaine-essayiste.fr\/index.php\/wp-json\/wp\/v2\/users\/1"}],"replies":[{"embeddable":true,"href":"https:\/\/www.ecrivaine-essayiste.fr\/index.php\/wp-json\/wp\/v2\/comments?post=1471"}],"version-history":[{"count":1,"href":"https:\/\/www.ecrivaine-essayiste.fr\/index.php\/wp-json\/wp\/v2\/posts\/1471\/revisions"}],"predecessor-version":[{"id":1472,"href":"https:\/\/www.ecrivaine-essayiste.fr\/index.php\/wp-json\/wp\/v2\/posts\/1471\/revisions\/1472"}],"wp:attachment":[{"href":"https:\/\/www.ecrivaine-essayiste.fr\/index.php\/wp-json\/wp\/v2\/media?parent=1471"}],"wp:term":[{"taxonomy":"category","embeddable":true,"href":"https:\/\/www.ecrivaine-essayiste.fr\/index.php\/wp-json\/wp\/v2\/categories?post=1471"},{"taxonomy":"post_tag","embeddable":true,"href":"https:\/\/www.ecrivaine-essayiste.fr\/index.php\/wp-json\/wp\/v2\/tags?post=1471"}],"curies":[{"name":"wp","href":"https:\/\/api.w.org\/{rel}","templated":true}]}}