{"id":1105,"date":"2024-01-31T16:54:40","date_gmt":"2024-01-31T15:54:40","guid":{"rendered":"https:\/\/www.ecrivaine-essayiste.fr\/?p=1105"},"modified":"2024-01-31T17:27:19","modified_gmt":"2024-01-31T16:27:19","slug":"vivre-avec-son-passe-une-philosophie-pour-aller-de-lavant-charles-pepin","status":"publish","type":"post","link":"https:\/\/www.ecrivaine-essayiste.fr\/index.php\/2024\/01\/31\/vivre-avec-son-passe-une-philosophie-pour-aller-de-lavant-charles-pepin\/","title":{"rendered":"VIVRE AVEC SON PASS\u00c9, UNE PHILOSOPHIE POUR ALLER DE L&rsquo;AVANT &#8211; Charles P\u00e9pin\u00a0"},"content":{"rendered":"<table style=\"width: 100%; border: none;\">\n<tbody>\n<tr>\n<td><img decoding=\"async\" class=\"alignright\" style=\"text-align: right; width: 305px; border: none;\" src=\"\/wp-content\/uploads\/2024\/01\/Vivre_avec_son_passe.jpg\" alt=\"Vivre avec son pass\u00e9, une philosophie pour aller de l'avant - Charles P\u00e9pin\" \/><\/td>\n<\/tr>\n<tr>\n<td style=\"text-align: left;\"><strong>Charles P\u00e9pin<\/strong><br \/>\n<strong>VIVRE AVEC SON PASS\u00c9 &#8211; UNE PHILOSOPHIE POUR ALLER DE L&rsquo;AVANT<\/strong><br \/>\n<strong>\u00c9diteur : Allary &#8211; septembre 2023<\/strong><br \/>\n<strong>EAN : <span class=\"a-list-item\">978-2370734587<\/span><br \/>\n<\/strong><\/td>\n<\/tr>\n<tr>\n<td style=\"text-align: left;\">Philosophe, \u00e9crivain, po\u00e8te, conf\u00e9rencier&#8230; Charles P\u00e9pin multiplie les rencontres livresques et audiovisuelles pour nous permettre d&rsquo;acc\u00e9der aux divers concepts des plus grands penseurs de l&rsquo;humanit\u00e9. Le livre dont il est ici question consiste en une r\u00e9flexion sur la n\u00e9cessit\u00e9 d&rsquo;adopter son pass\u00e9 pour franchir avec lui les diff\u00e9rentes \u00e9tapes de nos existences terrestres. Agr\u00e9g\u00e9 de philosophie Monsieur Charles P\u00e9pin n&rsquo;appr\u00e9cierait peut-\u00eatre nullement l&rsquo;interpr\u00e9tation que j&rsquo;ose ici inscrire concernant cet ouvrage qui m&rsquo;appara\u00eet merveilleusement informatif po\u00e9tique et th\u00e9rapeutique. Cependant les concepts mis en exergue par les sonorit\u00e9s qui ponctuent l&rsquo;aspect syntaxico-s\u00e9mantique de cette \u0153uvre doivent offrir \u00e0 chacun d&rsquo;entre nous des r\u00e9sonances diverses, c&rsquo;est pourquoi la pr\u00e9sentation, ci-apr\u00e8s, de cet \u00ab\u00a0essai\u00a0\u00bb ne consiste pas en un r\u00e9sum\u00e9 mal agenc\u00e9 de l&rsquo;\u00e9crit en question mais demeure un espace d&rsquo;expression, une restitution LIBRE de ce qu&rsquo;il m&rsquo;a sembl\u00e9 appr\u00e9hender suite \u00e0 la lecture de ce \u00ab\u00a0recueil de pens\u00e9es\u00a0\u00bb.DE NOMBREUSES ASSERTIONS PROVENANT DE LA R\u00c9FLEXION DE L&rsquo;AUTEUR NOTAMMENT SUR LES TH\u00c9RAPIES DE RECONSOLIDATION SERONT DIRECTEMENT RETRANSMISES SANS REFORMULATION SUR L&rsquo;AXE SYNTAXICO-S\u00c9MANTIQUE DU LANGAGE.<\/p>\n<p>S&rsquo;il nous est impossible de revivre nos ann\u00e9es qui s&rsquo;\u00e9coulent \u00e0 l&rsquo;\u00e2ge o\u00f9 elles constituaient le pr\u00e9sent, de retourner physiquement dans l&rsquo;espace\/temps des ann\u00e9es d\u00e9j\u00e0 habit\u00e9es par notre pr\u00e9sence, il nous faut bien admettre que nous nous r\u00e9alisons dans un continuum charg\u00e9 d&rsquo;un pass\u00e9 r\u00e9cent mais \u00e9galement tr\u00e8s lointain dont nous devons assumer la charge et la responsabilit\u00e9.<\/p>\n<p>Les souvenirs larmoyants, et\/ou plus ou moins joyeux voire exaltants s&rsquo;introduisent \u00e0 chaque instant dans le champ temporel \u00e9volutif de notre existence terrestre, s&rsquo;immis\u00e7ant pour surgir parfois de mani\u00e8re impromptue avec une intensit\u00e9 et une modalit\u00e9 insoup\u00e7onn\u00e9es.<\/p>\n<p>Par cons\u00e9quent selon le concepteur et r\u00e9alisateur de cet ouvrage largement inspir\u00e9 de la pens\u00e9e bergsonienne et des neurosciences valid\u00e9es aujourd&rsquo;hui (concernant la m\u00e9moire), il est essentiel d&rsquo;acc\u00e9der \u00e0 notre pass\u00e9 pour poursuivre notre cheminement terrestre avec allant et harmonie.<\/p>\n<p>Selon l&rsquo;intuition de Bergson r\u00e9it\u00e9r\u00e9e par Charles P\u00e9pin et valid\u00e9e par certains neuroscientifiques actuels : \u00ab\u00a0notre pass\u00e9 persiste ind\u00e9finiment dans notre m\u00e9moire mais pas de mani\u00e8re fig\u00e9e ; il \u00e9volue avec nous, se mod\u00e8le au pr\u00e9sent en fonction de nos exp\u00e9riences de vie et de la mani\u00e8re dont nous investissons notre avenir. La m\u00e9moire constitue le socle de notre identit\u00e9 qui se transforme au fil des ann\u00e9es en fonction des exp\u00e9riences et des connaissances qui viennent se surajouter.\u00a0\u00bb<\/p>\n<p>Lorsqu&rsquo;un travail intensif de r\u00e9miniscence n&rsquo;est pas effectu\u00e9 chez l&rsquo;\u00eatre humain en \u00e9tat de souffrance psychique, le moindre obstacle rencontr\u00e9 sur la route de la continuit\u00e9 existentielle permet aux souvenirs de ressurgir dans un chaos indescriptible qui paralyse les agissements imm\u00e9diats.<br \/>\nL&rsquo;action ne peut se concr\u00e9tiser que gr\u00e2ce \u00e0 la m\u00e9morisation s\u00e9lective des exp\u00e9riences du pass\u00e9.<\/p>\n<p>Toujours selon l&rsquo;auteur de cet ouvrage si Bergson ne concevait que deux types de m\u00e9moire : la m\u00e9moire souvenir retra\u00e7ant nos exp\u00e9riences de vie et la m\u00e9moire habitude n\u00e9cessitant un apprentissage, les neurosciences pr\u00e9cisent et approfondissent l&rsquo;intuition de Bergson concernant notre capacit\u00e9 \u00e0 refaire surgir les exp\u00e9riences, et les apprentissages du pass\u00e9. \u00c0 ce propos 5 types de m\u00e9moires sont \u00e9voqu\u00e9s.<br \/>\nIls se d\u00e9clinent de la sorte :<\/p>\n<p>&#8211; M\u00e9moire \u00e9pisodique,<br \/>\n&#8211; M\u00e9moire s\u00e9mantique.<br \/>\n&#8211; M\u00e9moire proc\u00e9durale,<br \/>\n&#8211; M\u00e9moire de travail,<br \/>\n&#8211; M\u00e9moire sensorielle.<\/p>\n<p>&#8211; La M\u00e9moire \u00e9pisodique (selon les travaux de Larry Squire et \u00c9ric Kandel ?) NE CONNA\u00ceTRAIT AUCUNE LIMITE et constituerait un rappel r\u00e9interpr\u00e9t\u00e9 de notre historique, constituant un agr\u00e9gat mouvant sans cesse aliment\u00e9 par de nouveaux souvenirs.<br \/>\nDans ce contexte le ressenti comme la peur li\u00e9e \u00e0 l&rsquo;instinct de survie nous transporterait parfois &#8211; dans un parcours mn\u00e9sique fulgurant &#8211; \u00e0 des milliers d&rsquo;ann\u00e9es en arri\u00e8re.<br \/>\nUn exemple concret explicite ais\u00e9ment cet argument : lorsqu&rsquo;un craquement de bois (per\u00e7u \u00e0 une \u00e9poque fort lointaine) indiquait la pr\u00e9sence d&rsquo;un pr\u00e9dateur qu&rsquo;il valait mieux ne pas rencontrer, la peur s&rsquo;invitait alors en corr\u00e9lation avec la dite situation, or ce m\u00eame craquement nous maintient encore aujourd&rsquo;hui \u00ab\u00a0sur nos gardes\u00a0\u00bb.<\/p>\n<p>Toujours d&rsquo;apr\u00e8s Squire et Kandel les centres mn\u00e9siques sur la carte g\u00e9ographique du cerveau ne se trouvent pas situ\u00e9s de mani\u00e8re UNILAT\u00c9RALE au niveau de l&rsquo;hippocampe et des lobes temporaux reli\u00e9s eux m\u00eame par des milliards de neurones associ\u00e9s \u00e0 leur synapses formant des r\u00e9seaux de communication.<br \/>\nD&rsquo;autres centres c\u00e9r\u00e9braux participeraient dans le m\u00eame temps \u00e0 l&rsquo;ancrage d&rsquo;un souvenir.<br \/>\nDiff\u00e9rentes zones c\u00e9r\u00e9brales s&rsquo;\u00e9changent donc des informations qui se croisent et se recroisent tissant le souvenir \u00e0 encoder.<br \/>\nToujours selon Squire et Kandel.<br \/>\nL&rsquo;encodage mn\u00e9sique est alors D\u00c9FINITIF quelles que soient les alt\u00e9rations port\u00e9es sur les zones concern\u00e9es et le souvenir demeure ?!&#8230;<br \/>\nCette affirmation qui ne parvient pas \u00e0 me convaincre aujourd&rsquo;hui &#8211; lorsque l&rsquo;on conna\u00eet les possibilit\u00e9s de r\u00e9cup\u00e9ration et\/ou de stabilisation chez les patients ayant subi un grave traumatisme cr\u00e2nien ou chez ceux qui sont porteurs d&rsquo;une maladie neuro-d\u00e9g\u00e9n\u00e9rative &#8211; serait peut-\u00eatre recevable en th\u00e9orie si nous exploitions bien notre cerveau \u00e0 100% de ses capacit\u00e9s, ce qui n&rsquo;est pas encore le cas actuellement.<br \/>\nCes donn\u00e9es n&rsquo;apportent &#8211; \u00e0 mon avis &#8211; rien de tr\u00e8s novateur si ce n&rsquo;est l&rsquo;\u00e9largissement du champ op\u00e9ratoire de la m\u00e9moire et l&rsquo;existence de souvenirs CONSCIENTS ou NON rendus inalt\u00e9rables par les croisements de flux neurologiques qui s&rsquo;entrecroisent sur une cartographie c\u00e9r\u00e9brale qui peut appara\u00eetre EN TH\u00c9ORIE pratiquement \u00ab\u00a0illimit\u00e9e\u00a0\u00bb permettant ainsi la fixation mn\u00e9sique terminale accessible ou non par le sujet concern\u00e9 ?!&#8230;<\/p>\n<p>Par contre&#8230; [si l&rsquo;on revient au sujet non assujetti \u00e0 une pathologie d&rsquo;ordre neurologique] &#8230;en nous souvenant, nous r\u00e9activons effectivement des r\u00e9seaux de communication mais jamais de la m\u00eame mani\u00e8re.<br \/>\nLe souvenir est reconfigur\u00e9 par ce que nous avons v\u00e9cu depuis le souvenir du pr\u00e9sent INITIAL jusqu&rsquo;\u00e0 la situation actuelle.<br \/>\nNotre cerveau est donc en continuelle modification et Monsieur Charles P\u00e9pin de s&rsquo;exprimer de la sorte : \u00ab\u00a0notre cerveau&#8230; se modifie en permanence et nous pouvons toujours le transformer \u00e0 nouveau, nous pouvons remodeler ce qui a \u00e9t\u00e9 form\u00e9.<br \/>\nNous avons beau avoir \u00e9t\u00e9 affect\u00e9 par une exp\u00e9rience n\u00e9gative, voire traumatique nous verrons qu&rsquo;aucun souvenir, aucun pass\u00e9 ne nous colle un destin dans la peau.\u00a0\u00bb Cette argumentation tendrait donc \u00e0 prouver que le libre arbitre (aussi infime soit-il) pourrait parfois illuminer notre existence terrestre.<\/p>\n<p>Cependant, l&rsquo;imagination qui peut s&rsquo;introduire dans ce mouvement de reconsid\u00e9ration du souvenir rend l&rsquo;interpr\u00e9tation de ce dernier non enti\u00e8rement fiable.<br \/>\nIl serait pourtant dommageable de ne pas l&rsquo;intercepter avec circonspection afin d&rsquo;en tirer des informations indispensables \u00e0 notre \u00e9volution.<\/p>\n<p>Selon l&rsquo;auteur de cet ouvrage \u00ab\u00a0le sens que nous donnons \u00e0 ces traces mn\u00e9siques d\u00e9pend des id\u00e9es et des valeurs que nous leur associons, c&rsquo;est le r\u00f4le de la m\u00e9moire s\u00e9mantique\u00a0\u00bb<\/p>\n<p>Ainsi ces nouvelles d\u00e9couvertes neuroscientifiques permettent de corroborer l&rsquo;intuition spiritualiste de Bergson qui s&rsquo;exprimait ainsi : \u00ab\u00a0Nous ne savons pas vraiment o\u00f9 se trouvent nos souvenirs\u00a0\u00bb.<\/p>\n<p>&#8211; La m\u00e9moire s\u00e9mantique<br \/>\nLa m\u00e9moire s\u00e9mantique, toujours selon notre auteur, s&rsquo;\u00e9labore \u00e0 partir du langage, par l&rsquo;interm\u00e9diaire des mon\u00e8mes et de la syntaxe qui nous permettent de nommer et d&rsquo;interpr\u00e9ter le r\u00e9el.<br \/>\nElle englobe l&rsquo;ensemble des id\u00e9es, des jugements et des connaissances acquises et reconstruites au cours de l&rsquo;existence.<br \/>\nLa m\u00e9moire s\u00e9mantique est cod\u00e9e de mani\u00e8re explicite ou implicite nous explique Charles P\u00e9pin.<br \/>\nIl peut en effet advenir qu&rsquo;une exp\u00e9rience malheureuse r\u00e9p\u00e9t\u00e9e, un \u00e9chec r\u00e9it\u00e9r\u00e9 dans un domaine sp\u00e9cifique ayant \u00e9t\u00e9 \u00e0 l&rsquo;origine faussement interpr\u00e9t\u00e9 par le mode op\u00e9ratoire de la m\u00e9moire s\u00e9mantique conduise le sujet \u00e0 opter pour une sous-estime de soi alors que ces \u00e9checs peuvent \u00eatre &#8211; par exemple &#8211; interpr\u00e9t\u00e9s comme des p\u00e9riodes transitoires n\u00e9cessaires \u00e0 l&rsquo;apprentissage.<\/p>\n<p>Il nous est donc possible de rectifier ce faux jugement en appr\u00e9hendant le d\u00e9rapage initial.<br \/>\nS&rsquo;il n&rsquo;est pas envisageable d&rsquo;effacer les souvenirs de notre m\u00e9moire \u00e9pisodique, les modalit\u00e9s pour juger un \u00e9v\u00e8nement interpr\u00e9t\u00e9 dans la m\u00e9moire s\u00e9mantique peuvent \u00eatre r\u00e9\u00e9valu\u00e9es.<\/p>\n<p>Bien qu&rsquo;elle proc\u00e8de de la m\u00e9moire \u00e9pisodique et si\u00e8ge \u00e9galement dans l&rsquo;espace m\u00e9dian des lobes temporaux, la m\u00e9moire s\u00e9mantique ne se positionne pas de la m\u00eame mani\u00e8re au niveau des sph\u00e8res du cerveau concern\u00e9 et surtout se singularise par un fonctionnement compl\u00e8tement diff\u00e9rent.<br \/>\nParfaitement autonome, elle r\u00e9agit selon des r\u00e8gles qui lui sont propres.<\/p>\n<p>&#8211; La m\u00e9moire proc\u00e9durale.<br \/>\nToujours selon l&rsquo;auteur de ce livre, c&rsquo;est la m\u00e9moire de nos habitudes et r\u00e9flexes.<br \/>\nElle nous permet d&rsquo;effectuer des actions complexes (conduire une voiture) sans m\u00eame \u00eatre conscients des gestes et des facult\u00e9s que nous mobilisons.<br \/>\nLes premiers apprentissages par la multitude de mouvements et de s\u00e9quences mille fois r\u00e9p\u00e9t\u00e9s s&rsquo;inscrivent dans le cadre de la m\u00e9moire proc\u00e9durale, lib\u00e9rant des espaces pour vivre dans le m\u00eame laps de temps des exp\u00e9riences automatis\u00e9es ou non exp\u00e9riment\u00e9es.<br \/>\nLa m\u00e9moire proc\u00e9durale n&rsquo;est pas localis\u00e9e dans l&rsquo;hippocampe ou les amygdales. Le cervelet, les ganglions de la base et le cortex moteur fixent ces sch\u00e9mas automatiques.<br \/>\nM\u00e9moires \u00e9pisodique, s\u00e9mantique et proc\u00e9durale constituent les trois m\u00e9moires utilis\u00e9es dans la vie quotidienne lorsque le cerveau a atteint un certain niveau op\u00e9rationnel.<br \/>\nLa plupart des zones du cerveau arrivent au plus tard \u00e0 maturit\u00e9 \u00e0 l&rsquo;\u00e2ge de 25 ans.<br \/>\nCes trois m\u00e9moires de long terme nous permettent d&rsquo;investiguer et de retraiter le pass\u00e9.<br \/>\nCes m\u00e9moires sont aussi r\u00e9activ\u00e9es par les m\u00e9moires de court terme : m\u00e9moire de travail et m\u00e9moire sensorielle.<\/p>\n<p>&#8211; M\u00e9moire de travail (m\u00e9moire imm\u00e9diate et\/ou moyen terme.)<br \/>\nCette facult\u00e9 mn\u00e9sique trouve son fondement dan sa capacit\u00e9 \u00e0 \u00ab\u00a0\u00e9pingler\u00a0\u00bb une information utile dans l&rsquo;instantan\u00e9it\u00e9 (le stockage des donn\u00e9es ne d\u00e9passant pas 60 secondes\u00a0\u00bb ?!&#8230;)<br \/>\nLa m\u00e9moire de travail se comporte comme la m\u00e9moire vive d&rsquo;un ordinateur.<br \/>\nEn ce qui concerne la m\u00e9moire. imm\u00e9diate, pendant 30 secondes ou une minute, nous faisons consciemment abstraction de la m\u00e9moire \u00e0 long terme pour nous concentrer par exemple sur les 10 chiffres d&rsquo;un num\u00e9ro de t\u00e9l\u00e9phone. Les capacit\u00e9s de stockage de cette m\u00e9moire imm\u00e9diate sont tr\u00e8s faibles : 7 \u00e9l\u00e9ments en moyenne appel\u00e9s ampans sont imm\u00e9diatement enregistr\u00e9s et non maintenus dans cet espace indispensable \u00e0 l&rsquo;ex\u00e9cution de certaines t\u00e2ches particuli\u00e8res, ils peuvent perdurer si le transfert s&rsquo;effectue en m\u00e9moire \u00e0 long terme.<br \/>\nLa m\u00e9moire de travail permet \u00e9galement ( \u00e0 moyen terme) lorsque l&rsquo;on se trouve en situation psychanalytique ou avec un ami&#8230; d&rsquo;aller chercher dans la m\u00e9moire \u00e9pisodique des souvenirs qui peuvent \u00eatre retravaill\u00e9s, cet instrument mn\u00e9sique peut nous permettre de reconsid\u00e9rer un \u00e9v\u00e8nement (con\u00e7u dans le pass\u00e9 comme un \u00e9chec) pour le r\u00e9\u00e9valuer et d\u00e9cider en fonction de nos nouvelles exp\u00e9riences et connaissances actualis\u00e9es que cette situation v\u00e9cue auparavant comme n\u00e9gative devienne dans le pr\u00e9sent imm\u00e9diat source d&rsquo;enrichissement de part la nouvelle analyse r\u00e9vis\u00e9e, analyse qui va rejoindre la m\u00e9moire s\u00e9mantique \u00e0 (long terme) et apporter une connotation plus heureuse au sein de la Psych\u00e9.<\/p>\n<p>&#8211; M\u00e9moire sensorielle.<br \/>\nLa m\u00e9moire sensorielle n&rsquo;est pas une m\u00e9moire de stockage \u00e0 long terme, elle enregistre en un laps de temps extr\u00eamement limit\u00e9 (sensiblement une seconde?!&#8230;) l&rsquo;ensemble des perceptions issues de notre environnement.<br \/>\nCes donn\u00e9es lorsqu&rsquo;elles apportent une \u00e9motion forte ou une indication utile pour l&rsquo;avenir basculent dans la m\u00e9moire de travail puis &#8211; pour certaines &#8211; dans la m\u00e9moire \u00e0 long terme.<\/p>\n<p>Ces 5 m\u00e9moires fonctionnent de concert pour comprendre le pass\u00e9 et d\u00e9finir ponctuellement le pr\u00e9sent imm\u00e9diat, il faudrait donc avoir acc\u00e8s \u00e0 la m\u00e9moire des exp\u00e9riences v\u00e9cues ant\u00e9rieurement concernant notre pass\u00e9 :<\/p>\n<p>&#8211; tr\u00e8s lointain : \u00ab\u00a0influence de la g\u00e9ographie et du milieu naturel\u00a0\u00bb,<\/p>\n<p>&#8211; Lointain : \u00ab\u00a0histoire des mouvements sociaux, des migrations humaines, des id\u00e9es\u00a0\u00bb,<\/p>\n<p>&#8211; Du temps court et\/ou moyennement long : \u00ab\u00a0correspondant \u00e0 l&rsquo;agitation des hommes, \u00e0 leurs humeurs, \u00e0 leurs passions, celui des \u00e9v\u00e8nements qui se pr\u00e9sentent eux-m\u00eame dans l&rsquo;espace\/temps d&rsquo;un pr\u00e9sent charg\u00e9 des instances des 5 m\u00e9moires \u00e9voqu\u00e9es.\u00a0\u00bb<\/p>\n<p>Ainsi notre m\u00e9moire nous aide \u00e0 construire notre identit\u00e9.<br \/>\nReconfigurer son pass\u00e9 lorsque ce dernier fut impr\u00e9gn\u00e9 de traumatismes violents et\/ou r\u00e9p\u00e9t\u00e9s n&rsquo;est pas la seule solution.<br \/>\n\u00c0 l&rsquo;instar de David Bowie nous pouvons en faire &#8211; en partie abstraction &#8211; le fuir&#8230; pour acc\u00e9der \u00e0 un avenir plus brillant m\u00eame si ce pass\u00e9 parvient \u00e0 s&rsquo;inviter par surprise provoquant des r\u00e9sonances \u00e0 la mesure de ce que nous avons souhait\u00e9 oublier mais qui inscrit dans la m\u00e9moire \u00e9pisodique n&rsquo;a pas \u00e9t\u00e9 retravaill\u00e9.<br \/>\nLa vie presque \u00ab\u00a0surr\u00e9aliste\u00a0\u00bb de l&rsquo;artiste pr\u00e9cit\u00e9 ne fut pas exempte de drames r\u00e9p\u00e9t\u00e9s et d\u00e9pass\u00e9s par une fuite en avant pour inventer et r\u00e9inventer l&rsquo;avenir.<br \/>\nMalheureusement nous ne poss\u00e9dons pas toutes et tous l&rsquo;\u00e9nergie et l&rsquo;imagination cr\u00e9atrice de l&rsquo;ic\u00f4ne du glam rock des ann\u00e9es 70\/80, cependant nous avons nous aussi la possibilit\u00e9 d&rsquo;opter pour une attitude un peu plus d\u00e9tach\u00e9e de nos souvenirs pour aborder notre DEVENIR.<br \/>\nPour certains ayant connu des exp\u00e9riences ant\u00e9rieures d&rsquo;une extr\u00eame violence physique et\/ou psychologique , \u00ab\u00a0oublier\u00a0\u00bb POUR UN TEMPS son pass\u00e9 constitue une question de survie.<br \/>\nCependant quoiqu&rsquo;il advienne le pass\u00e9 se manifeste de mani\u00e8re sous-jacente et vouloir le renier d\u00e9finitivement consiste en une d\u00e9marche induisant &#8211; selon les cas &#8211; \u00e9puisement, irritabilit\u00e9, agressivit\u00e9 voire burn-out et\/ou somatisations.<br \/>\nLe processus d&rsquo;\u00e9vitement, s&rsquo;il peut appara\u00eetre moderniste, s&rsquo;av\u00e8re &#8211; \u00e0 long terme &#8211; dangereux.<\/p>\n<p>Ainsi l&rsquo;esprit qui se veut moderniste semble d\u00e9fier les exp\u00e9riences qui ont d\u00e9j\u00e0 \u00e9t\u00e9 v\u00e9cues pour se propulser vers l&rsquo;avenir avec l&rsquo;insouciance et la volont\u00e9 de trouver le bonheur.<br \/>\nCette id\u00e9ologie qui nous invite \u00e0 ne pas ruminer le pass\u00e9, nous la retrouvons dans certaines th\u00e9ories du d\u00e9veloppement personnel ax\u00e9es sur le positivisme.<br \/>\nSes antagonistes (list\u00e9s parmi les th\u00e9rapies aussi diff\u00e9rentes que la psychanalyse et les th\u00e9rapies comportementalistes et cognitivistes) soulignent la dangerosit\u00e9 d&rsquo;une telle proposition.<br \/>\nPour Charles P\u00e9pin accueillir son pass\u00e9 et se r\u00e9concilier avec les \u00e9l\u00e9ments traumatiques qui lui sont associ\u00e9s constituent le cheminement le plus adapt\u00e9 pour \u00ab\u00a0aller de l&rsquo;avant\u00a0\u00bb.<\/p>\n<p>Bergson, le philosophe de la m\u00e9moire, nous incite \u00e0 habiter notre pass\u00e9 dans le pr\u00e9sent de chaque instant.<br \/>\nNotre volont\u00e9 devient v\u00e9ritablement r\u00e9alisatrice lorsque nous entreprenons quelque chose qui correspond \u00e0 notre histoire et \u00e0 notre identit\u00e9.<br \/>\nDans l&rsquo;\u00e9volution cr\u00e9atrice Bergson s&rsquo;exprime ainsi : \u00ab\u00a0sans doute nous ne pensons qu&rsquo;avec une petite partie de notre pass\u00e9, mais c&rsquo;est avec notre pass\u00e9 tout entier y compris NOTRE COURBURE D&rsquo;\u00c2ME originelle que nous d\u00e9sirons, voulons, agissons.<br \/>\nSi nous n&rsquo;\u00e9tions pas une part m\u00eame du mouvement de la Vie, nous serions soit p\u00e9trifi\u00e9s dans l&rsquo;action soit r\u00e9p\u00e9titifs et la cr\u00e9ativit\u00e9 ne saurait \u00e9merger.<\/p>\n<p>Selon Bergson, la vie serait :\u00a0\u00bbun mouvement en avant continuel qui ramasse la totalit\u00e9 du pass\u00e9 et cr\u00e9e le futur, telle est la Nature essentielle de la personne.<br \/>\nPuisque l&rsquo;\u00e9lan vital anime l&rsquo;univers, toute vie, m\u00eame la plus petite, d\u00e8s qu&rsquo;elle actualise cet \u00e9lan vital lui donne forme et \u00e0 travers sa propre cr\u00e9ativit\u00e9 devient une vie divine.\u00a0\u00bb<\/p>\n<p>\u00ab\u00a0L&rsquo;\u00e9lan vital se particularise en chacun de nous et en ce sens nous manifestons tous une part de cette vie de cette force m\u00e9taphysique que Bergson qualifie de divine\u00a0\u00bb d\u00e9clare Charles P\u00e9pin.<\/p>\n<p>D&rsquo;apr\u00e8s mon entendement il existe une contradiction entre la pens\u00e9e de Bergson \u00e0 propos du d\u00e9terminisme de l&rsquo;\u00eatre humain et celle de Charles P\u00e9pin.<br \/>\nSelon la position de Bergson retraduite par l&rsquo;auteur de l&rsquo;ouvrage dont il est ici question, nous serions d\u00e9ifi\u00e9s lorsque nous acceptons d&rsquo;actualiser l&rsquo;\u00e9lan vital qui nous anime. Alors que Charles P\u00e9pin finalement traduit dans son assertion une vision qui me para\u00eet \u00eatre beaucoup plus spinoziste ? Selon Spinoza nous ne sommes pas des \u00ab\u00a0divinit\u00e9s\u00a0\u00bb en \u00e9ventuel devenir mais des modes des mani\u00e8res d&rsquo;\u00eatre de la Substance divine, de la Nature, dans laquelle nous serions inclus, tout homme quel qu&rsquo;il soit \u00e9tablit un r\u00e9seau de liens l&rsquo;unissant \u00e0 la NATURE toute enti\u00e8re cet \u00e9lan vital en fonction de la m\u00e9moire de notre pass\u00e9 (r\u00e9actualis\u00e9 ou non) d\u00e9finit notre devenir terrestre syst\u00e9matiquement spiritualis\u00e9 puisque quels que soient nos choix de Vie nous ne serions que des modes de la substance divine.<br \/>\nCependant, pour Bergson comme pour Spinoza cet \u00e9lan de Vie qui nous anime doit nous pousser \u00e0 la g\u00e9n\u00e9rosit\u00e9 et \u00e0 l&rsquo;altruisme. Nous appartenons \u00e0 un tout dont nous sommes solidaires, \u00ab\u00a0il nous est alors plus facile, lorsque nous nous sommes r\u00e9concili\u00e9s avec notre pass\u00e9, de prendre notre histoire \u00e0 bras le corps pour l&rsquo;inscrire dans un r\u00e9cit plus vaste\u00a0\u00bb.<\/p>\n<p>Cependant nous avons pour certains subi des traumatismes qui nous condamnent \u00e0 la d\u00e9ception, \u00e0 la ranc\u0153ur, \u00e0 la rumination, et\/ou \u00e0 la renonciation.<br \/>\nDans certains cas, l&rsquo;aide d&rsquo;un th\u00e9rapeute s\u2019av\u00e8re indispensable pour r\u00e9actualiser de mani\u00e8re salutaire un \u00e9v\u00e8nement issu du pass\u00e9 qui paralyse notre parcours terrestre.<\/p>\n<p>Les th\u00e9rapies de reconsolidation permettent aux patients &#8211; sous la guidance d&rsquo;un th\u00e9rapeute accompli &#8211; de rappeler la trace des souvenirs traumatiques &#8211; en r\u00e9veillant les sensations physiologiques (stress, panique, tremblements, ayant provoqu\u00e9 des r\u00e9actions similaires.<br \/>\nCes souvenirs issus de la m\u00e9moire \u00e9pisodique mais retraduits par la m\u00e9moire s\u00e9mantique initiale seront retravaill\u00e9s en m\u00e9moire de travail puisque le th\u00e9rapeute va demander au patient d&rsquo;\u00e9crire \u00ab\u00a0la nouvelle r\u00e8gle de vie\u00a0\u00bb \u00e9difi\u00e9e face aux situations difficiles qui ont occasionn\u00e9 les troubles physiques et\/ou psychiques.<br \/>\nLa m\u00e9moire \u00e9pisodique perdurera mais la m\u00e9moire s\u00e9mantique gr\u00e2ce \u00e0 l&rsquo;analyse de la situation du pass\u00e9 sera revisit\u00e9e apportant une rectification salutaire \u00e0 l&rsquo;entendement du traumatisme initial.<\/p>\n<p>Cette possibilit\u00e9 de revenir sur nos souvenirs en en retirant une interpr\u00e9tation plus ad\u00e9quate all\u00e9g\u00e9e des \u00e9motions qui surchargeaient notre m\u00e9moire prouve la plasticit\u00e9 de notre cerveau.<br \/>\nEn cons\u00e9quence &#8211; selon Charles P\u00e9pin,\u00a0\u00bb nous n&rsquo;avons aucune raison d&rsquo;adh\u00e9rer \u00e0 une v\u00e9rit\u00e9 \u00e9motionnelle qui nous g\u00e2che la vie\u00a0\u00bb&#8230;<\/p>\n<p>La deuxi\u00e8me technique de reconsolidation est une technique d&rsquo;habituation \u00e0 nos souvenirs issue du sto\u00efcisme.<br \/>\nS\u00e9n\u00e8que, \u00c9pitecte, Marc Aurel pr\u00e9conisaient, d\u00e9j\u00e0 il y a 2000 ans, une m\u00e9thode pour restructurer l&rsquo;interpr\u00e9tation s\u00e9mantique n\u00e9gative reli\u00e9e \u00e0 nos souvenirs malheureux provenant de notre m\u00e9moire \u00e9pisodique.<br \/>\nCette technique consistait en une m\u00e9ditation r\u00e9guli\u00e8re sur la construction du champ op\u00e9ratoire \u00e9motif secondaire au traumatisme subi.<br \/>\nCette technique intervenait de mani\u00e8re indirecte sur la modification de la signification initiale associ\u00e9e au souvenir.<\/p>\n<p>Parfois un souvenir post-traumatique ne peut \u00eatre travaill\u00e9 de mani\u00e8re autonome par la technique de la m\u00e9ditation tant ce dernier s&rsquo;av\u00e8re d\u00e9stabilisant.<br \/>\nL&rsquo;aide du th\u00e9rapeute est alors n\u00e9cessaire.<br \/>\nla technique EMDR est une th\u00e9rapie qui vise \u00e0 traiter les cons\u00e9quences d&rsquo;un traumatisme psychique en associant rappel mental, par le patient, du souvenir traumatique et stimulations sensorielles bilat\u00e9rales altern\u00e9es avec des mouvements oculaires induits par exemple en demandant au patient de suivre les mouvements des doigts du th\u00e9rapeute.<br \/>\nCette th\u00e9rapie courte permet \u00e0 certains patients la r\u00e9miniscence de souvenirs impossibles \u00e0 rappeler auparavant tant leur potentiel \u00e9motionnel \u00e9tait invalidant.<\/p>\n<p>La m\u00e9thode Alain Brunet (chercheur en psychologie au Canada) utilise \u00e9galement la technique de l&rsquo;habituation pour traiter les patients ayant surv\u00e9cu \u00e0 un choc traumatique psychologique impossible \u00e0 surmonter en situation d&rsquo;autonomie volontaire.<br \/>\nPendant les 6 s\u00e9ances de la m\u00e9thode Brunet le patient est invit\u00e9 \u00e0 raconter avec le plus de d\u00e9tails possibles la sc\u00e8ne qui a d\u00e9clench\u00e9 le traumatisme initial.<br \/>\nCette rem\u00e9moration des faits ne peut s&rsquo;effectuer qu&rsquo;en ayant pris auparavant un b\u00eata-bloquant (le propranolol) agissant sur l&rsquo;amygdale et att\u00e9nuant fortement l&rsquo;\u00e9motion reli\u00e9e au souvenir.<br \/>\nLes b\u00e9n\u00e9ficiaires de cette th\u00e9rapie &#8211; lorsque cette derni\u00e8re conduit \u00e0 un r\u00e9tablissement d&rsquo;une vie normalis\u00e9e &#8211; expliquent se rappeler des faits douloureux ancr\u00e9s dans la m\u00e9moire \u00e9pisodique sans en supporter la charge \u00e9motionnelle invivable, ils sont donc en mesure de poursuivre leur route avec ce pass\u00e9 qu&rsquo;ils peuvent reconsid\u00e9rer de mani\u00e8re beaucoup plus distanci\u00e9e.<\/p>\n<p>Il existe une autre forme de th\u00e9rapie permettant de r\u00e9animer le souvenir pour en modifier la charge n\u00e9gative \u00e9motionnelle.<br \/>\nIl s&rsquo;agit des techniques de reparentage appel\u00e9es \u00e9galement la th\u00e9rapie des sch\u00e9mas.<br \/>\nIl s&rsquo;agirait ici de soigner l&rsquo;enfant qui a mal v\u00e9cu la premi\u00e8re \u00e9tape de sa vie mais qui peut gu\u00e9rir spontan\u00e9ment lorsque les circonstances de son existence d&rsquo;adulte sont en mesure de lui prouver qu&rsquo;il est digne d&rsquo;\u00eatre aim\u00e9 et que l&rsquo;enfant d\u00e9valoris\u00e9 dans le pass\u00e9 peut se reconstruire diff\u00e9remment.<br \/>\nDans le cas contraire le th\u00e9rapeute r\u00e9active une sc\u00e8ne du pass\u00e9 issue de la m\u00e9moire du patient et fait intervenir, dans les dialogues, le consultant avec un personnage imaginaire bienveillant qui va remplacer la m\u00e8re ou le p\u00e8re qui n&rsquo;\u00e9taient pas dans leur fonction parentale \u00e0 ce moment du pass\u00e9.<br \/>\nCette technique a fait ses preuves car le cerveau \u00e9motionnel ne fait pas vraiment la diff\u00e9rence entre une exp\u00e9rience v\u00e9cue et une exp\u00e9rience imaginaire. Si d&rsquo;un point de vue rationnel le patient ne confond pas les deux sc\u00e8nes. Par contre ce qui a \u00e9t\u00e9 v\u00e9cu dans le pass\u00e9 et la s\u00e9quence imagin\u00e9e se confondent dans la zone limbique du cerveau.<br \/>\nLe patient &#8211; dans ce cas &#8211; doit retrouver son enfant int\u00e9rieur et utiliser la figure parentale id\u00e9ale propos\u00e9e par le th\u00e9rapeute pour r\u00e9conforter ce dernier. (La figure parentale peut \u00eatre le patient lui-m\u00eame).<br \/>\nFreud est le pionnier en mati\u00e8re de r\u00e9miniscence du souvenir douloureux pour devenir conscient de ce qui nous a accabl\u00e9 mais il ne nous a pas donn\u00e9 la solution pour r\u00e9parer ce pass\u00e9 invalidant.<\/p>\n<p>Depuis la psychanalyse a \u00e9volu\u00e9, les psychanalystes prennent des notes, interviennent sur un propos pour le faire r\u00e9sonner, ou un r\u00eave qui les a interpel\u00e9s&#8230; Ces analystes scrutent les progr\u00e8s des neurosciences pour les utiliser dans leur recherche et dans leur pratique.<\/p>\n<p>Tr\u00e8s souvent nous nous souvenons des asp\u00e9rit\u00e9s du pass\u00e9 et nous avons quelque peu oubli\u00e9 les moments heureux il faut eux aussi les retrouver et les reconsolider.<br \/>\nLe risque est que les souvenirs joyeux appartenant au pass\u00e9 et r\u00e9aliment\u00e9 par le cheminement de notre m\u00e9moire apporte une nostalgie comme le pr\u00e9tend Jank\u00e9l\u00e9vitch cependant il s&rsquo;agit ici non d&rsquo;entrouvrir une fen\u00eatre sur ses moments heureux mais de s&rsquo;y attarder.<br \/>\nN\u00e9anmoins, retrouver les jolis souvenirs v\u00e9cus nous invite \u00e9galement \u00e0 recueillir les situations tristes qui leur sont associ\u00e9es ? Il s&rsquo;agira donc de s\u00e9lectionner les r\u00e9miniscences agr\u00e9ables du pass\u00e9 pour parvenir \u00e0 les appr\u00e9cier.<\/p>\n<p>Pour quelques uns d&rsquo;entre nous revenir (toujours selon Monsieur Charles P\u00e9pin) physiquement sur les lieux d&rsquo;un pass\u00e9 joyeux peut reconduire au bonheur d&rsquo;avoir exist\u00e9 en cet espace jug\u00e9 auparavant merveilleux mais cette conduite (selon mon humble avis) peut &#8211; dans certaines circonstances &#8211; s&rsquo;av\u00e9rer d\u00e9sastreuse&#8230; Il faudra alors comme l&rsquo;auteur de cet ouvrage le sugg\u00e8re effectuer un retour \u00e0 la m\u00e9moire de travail puis \u00e0 la m\u00e9moire s\u00e9mantique afin d&rsquo;accueillir nouvellement ce lieu reconfigur\u00e9 par le mouvement du cycle temporel terrestre, sachant que &#8211; l&rsquo;espace\/temps joyeux demeure toujours au c\u0153ur de la m\u00e9moire \u00e9pisodique et qu&rsquo;il nous est donc possible &#8211; apr\u00e8s une m\u00e9ditation autonome et\/ou accompagn\u00e9e de le rejoindre (par un rappel mn\u00e9sique) pour go\u00fbter \u00e0 nouveau le plaisir de ce lieu d\u00e9licieusement engramm\u00e9 dans la psych\u00e9.<\/p>\n<p>Pour l&rsquo;auteur de ce livre la m\u00e9moire s&rsquo;inscrit d&rsquo;abord dans l&rsquo;espace avant de s&rsquo;inscrire dans le temps.<br \/>\nDans l&rsquo;antiquit\u00e9 les orateurs apprenaient leurs discours en d\u00e9ambulant dans les villes la campagne les maisons et les palais somptueux pour ponctuer et m\u00e9moriser le tempo de leurs d\u00e9veloppements oratoires.<\/p>\n<p>Une autre mani\u00e8re d&rsquo;aller de l&rsquo;avant avec l&rsquo;exp\u00e9rience de son pass\u00e9 serait d&rsquo;apprendre \u00e0 se constituer de merveilleux nouveaux souvenirs pour \u00e9largir son champ de conscience et sa joie d&rsquo;exister.<\/p>\n<p>L&rsquo;alcoolique atteint du syndrome de Korsakoff, qui pour annihiler son angoisse, la neutralise, pour un bref instant, en portant un verre \u00e0 ses l\u00e8vres puis un autre n&rsquo;a sans doute pas conscience qu&rsquo;il cr\u00e9e une br\u00e8che dans sa m\u00e9moire ant\u00e9rograde l&rsquo;obligeant \u00e0 vivre dans un pass\u00e9 qu&rsquo;il essaie de fuir en abusant de l&rsquo;alcool.<\/p>\n<p>(Toujours selon notre essayiste ici convi\u00e9), pardonner constitue \u00e9galement un exercice th\u00e9rapeutique permettant l&rsquo;\u00e9vitement de la rumination et ouvrant les portes d&rsquo;une nouvelle libert\u00e9, d&rsquo;une nouvelle place \u00e0 la cr\u00e9ativit\u00e9.<br \/>\nCynthia Fleury (dans son livre : ci-g\u00eet l&rsquo;amer : gu\u00e9rir du ressentiment) explique fort bien le m\u00e9canisme de la rancune qui nous enferme dans un pass\u00e9 r\u00e9volu mais toujours r\u00e9actualis\u00e9 et\/ou amplifi\u00e9 cr\u00e9ant un blocage pour accueillir les nouveaux mouvements \u00e9panouissants de l&rsquo;existence. Le pardon nous permet de revenir vers l&rsquo;autre pour lui offrir ce cadeau qui nous renvoie \u00e0 nous-m\u00eame, \u00e0 notre propre existence enrichie de la joie profonde d&rsquo;avoir accept\u00e9 de faire ce geste de pardonner.<br \/>\nPardonner n&rsquo;est pas oublier mais s&rsquo;all\u00e9ger du poids du ressentiment pour avancer vers son avenir.<br \/>\nSelon Charles P\u00e9pin nous ne pourrions opter pour ce geste si nous n&rsquo;avions pas re\u00e7u notre lot de consolation ?<\/p>\n<p>Hannah Arendt a per\u00e7u cette force incommensurable du pardon, il nous absout pour nous permettre d&rsquo;avancer.<br \/>\nLe pardon permet de se lib\u00e9rer de la culpabilit\u00e9 pour l&rsquo;offenseur et du tort pour l&rsquo;offens\u00e9.<\/p>\n<p>Avant le grand passage, le pardon est indispensable pour le d\u00e9funt et ceux qui lui survivent.<br \/>\nLa mort est d&rsquo;abord un choc, une sid\u00e9ration pour ceux qui demeurent.<br \/>\nLe deuil se fera dans le temps et les exp\u00e9riences v\u00e9cues avec celui ou celle qui nous a accompagn\u00e9 pourront \u00eatre utiles \u00e0 la construction de l&rsquo;avenir car le pass\u00e9 ne meurt pas et les dialogues int\u00e9rieurs peuvent se poursuivre, il suffit de les alimenter.<br \/>\nDans son tr\u00e8s beau livre : \u00ab\u00a0Comment vivre avec nos morts\u00a0\u00bb Delphine Horvilleur Rabbine et essayiste nous explique que nous pouvons perp\u00e9tuer la m\u00e9moire vivante du d\u00e9funt, prolonger le dialogue avec lui, changer sa mort pour une le\u00e7on de vie pour ceux qui restent, tout cela esquisse la mani\u00e8re dont nous pouvons nous aussi vivre avec nos morts sachant bien qu&rsquo;ils ne reviendront pas.<\/p>\n<p>Ainsi selon Monsieur Charles P\u00e9pin trois mouvements sont n\u00e9cessaires pour aller de l&rsquo;avant.<br \/>\nSe tourner vers le pass\u00e9 pour l&rsquo;accueillir sereinement, envisager l&rsquo;avenir afin de l&rsquo;inviter joyeusement et non de l&rsquo;\u00e9viter imprudemment et enfin &#8211; pr\u00e9sentement&#8230; et avec gratitude &#8211; s&rsquo;ouvrir aux autres et au monde&#8230; mais la Vie nous apprend que ces trois mouvements n&rsquo;en font qu&rsquo;un seul.<br \/>\nAlors riche de notre pass\u00e9 et inventeur de notre devenir nous allons de l&rsquo;avant port\u00e9s par le courant de la Vie qui anime l&rsquo;univers au sein duquel nous sommes d\u00e9j\u00e0 d\u00e9finitivement inclus.<\/td>\n<\/tr>\n<tr>\n<td style=\"text-align: right;\">B\u00e9atrysse Dartstray<\/td>\n<\/tr>\n<\/tbody>\n<\/table>\n","protected":false},"excerpt":{"rendered":"<p>Charles P\u00e9pin VIVRE AVEC SON PASS\u00c9 &#8211; UNE PHILOSOPHIE POUR ALLER DE L&rsquo;AVANT \u00c9diteur : Allary &#8211; septembre 2023 EAN : 978-2370734587 Philosophe, \u00e9crivain, po\u00e8te, conf\u00e9rencier&#8230; Charles P\u00e9pin multiplie les rencontres livresques et audiovisuelles pour nous permettre d&rsquo;acc\u00e9der aux divers concepts des plus grands penseurs de l&rsquo;humanit\u00e9. Le livre dont il est ici question consiste &hellip; <\/p>\n<p class=\"link-more\"><a href=\"https:\/\/www.ecrivaine-essayiste.fr\/index.php\/2024\/01\/31\/vivre-avec-son-passe-une-philosophie-pour-aller-de-lavant-charles-pepin\/\" class=\"more-link\">Continuer la lecture<span class=\"screen-reader-text\"> de &laquo;&nbsp;VIVRE AVEC SON PASS\u00c9, UNE PHILOSOPHIE POUR ALLER DE L&rsquo;AVANT &#8211; Charles P\u00e9pin\u00a0&nbsp;&raquo;<\/span><\/a><\/p>\n","protected":false},"author":1,"featured_media":0,"comment_status":"closed","ping_status":"open","sticky":false,"template":"","format":"standard","meta":{"footnotes":""},"categories":[185],"tags":[862,855,844,850,843,14,852,659,739,871,865,849,857,851,864,853,530,848,842,805,845,37,854,866,847,790,869,859,863,870,846,99,841],"class_list":["post-1105","post","type-post","status-publish","format-standard","hentry","category-petite-bibliotheque","tag-action","tag-age","tag-allary","tag-assertions","tag-avant","tag-charles","tag-concepts","tag-conscience","tag-continuum","tag-divine","tag-encodage","tag-essai","tag-existence","tag-expressions","tag-kandel","tag-lecture","tag-libre","tag-oeuvre","tag-passe","tag-pensees","tag-pepin","tag-philosophie","tag-recueil","tag-recuperation","tag-resonances","tag-responsabilite","tag-schemas","tag-souvenirs","tag-squire","tag-substance","tag-syntaxico-semantique","tag-theorie","tag-vivre"],"yoast_head":"<!-- This site is optimized with the Yoast SEO plugin v27.1.1 - https:\/\/yoast.com\/product\/yoast-seo-wordpress\/ -->\n<title>VIVRE AVEC SON PASS\u00c9 - Charles P\u00e9pin - B\u00e9atrysse Dartstray - \u00c9crivaine-essayiste Petite biblioth\u00e8que<\/title>\n<meta name=\"description\" content=\"Hannah Arendt a per\u00e7u cette force incommensurable du pardon, il nous absout pour nous permettre d&#039;avancer.\" \/>\n<meta name=\"robots\" content=\"index, follow, max-snippet:-1, max-image-preview:large, max-video-preview:-1\" \/>\n<link rel=\"canonical\" href=\"https:\/\/www.ecrivaine-essayiste.fr\/index.php\/2024\/01\/31\/vivre-avec-son-passe-une-philosophie-pour-aller-de-lavant-charles-pepin\/\" \/>\n<meta property=\"og:locale\" content=\"fr_FR\" \/>\n<meta property=\"og:type\" content=\"article\" \/>\n<meta property=\"og:title\" content=\"VIVRE AVEC SON PASS\u00c9 - Charles P\u00e9pin - B\u00e9atrysse Dartstray - \u00c9crivaine-essayiste Petite biblioth\u00e8que\" \/>\n<meta property=\"og:description\" content=\"Hannah Arendt a per\u00e7u cette force incommensurable du pardon, il nous absout pour nous permettre d&#039;avancer.\" \/>\n<meta property=\"og:url\" content=\"https:\/\/www.ecrivaine-essayiste.fr\/index.php\/2024\/01\/31\/vivre-avec-son-passe-une-philosophie-pour-aller-de-lavant-charles-pepin\/\" \/>\n<meta property=\"og:site_name\" content=\"B\u00e9atrysse Dartstray - \u00c9crivaine-essayiste\" \/>\n<meta property=\"article:published_time\" content=\"2024-01-31T15:54:40+00:00\" \/>\n<meta property=\"article:modified_time\" content=\"2024-01-31T16:27:19+00:00\" \/>\n<meta name=\"author\" content=\"Beatrysse\" \/>\n<meta name=\"twitter:card\" content=\"summary_large_image\" \/>\n<meta name=\"twitter:label1\" content=\"\u00c9crit par\" \/>\n\t<meta name=\"twitter:data1\" content=\"Beatrysse\" \/>\n\t<meta name=\"twitter:label2\" content=\"Dur\u00e9e de lecture estim\u00e9e\" \/>\n\t<meta name=\"twitter:data2\" content=\"22 minutes\" \/>\n<script type=\"application\/ld+json\" class=\"yoast-schema-graph\">{\"@context\":\"https:\/\/schema.org\",\"@graph\":[{\"@type\":\"Article\",\"@id\":\"https:\/\/www.ecrivaine-essayiste.fr\/index.php\/2024\/01\/31\/vivre-avec-son-passe-une-philosophie-pour-aller-de-lavant-charles-pepin\/#article\",\"isPartOf\":{\"@id\":\"https:\/\/www.ecrivaine-essayiste.fr\/index.php\/2024\/01\/31\/vivre-avec-son-passe-une-philosophie-pour-aller-de-lavant-charles-pepin\/\"},\"author\":{\"name\":\"Beatrysse\",\"@id\":\"https:\/\/www.ecrivaine-essayiste.fr\/#\/schema\/person\/6028c912862314c24da1ba7ca2a56a0a\"},\"headline\":\"VIVRE AVEC SON PASS\u00c9, UNE PHILOSOPHIE POUR ALLER DE L&rsquo;AVANT &#8211; Charles P\u00e9pin\u00a0\",\"datePublished\":\"2024-01-31T15:54:40+00:00\",\"dateModified\":\"2024-01-31T16:27:19+00:00\",\"mainEntityOfPage\":{\"@id\":\"https:\/\/www.ecrivaine-essayiste.fr\/index.php\/2024\/01\/31\/vivre-avec-son-passe-une-philosophie-pour-aller-de-lavant-charles-pepin\/\"},\"wordCount\":4963,\"publisher\":{\"@id\":\"https:\/\/www.ecrivaine-essayiste.fr\/#organization\"},\"keywords\":[\"action\",\"\u00e2ge\",\"allary\",\"assertions\",\"avant\",\"Charles\",\"concepts\",\"conscience\",\"continuum\",\"divine\",\"encodage\",\"essai\",\"existence\",\"expressions\",\"kandel\",\"lecture\",\"libre\",\"\u0153uvre\",\"pass\u00e9\",\"pens\u00e9es\",\"p\u00e9pin\",\"philosophie\",\"recueil\",\"r\u00e9cup\u00e9ration\",\"r\u00e9sonances\",\"responsabilit\u00e9\",\"sch\u00e9mas\",\"souvenirs\",\"squire\",\"substance\",\"syntaxico-s\u00e9mantique\",\"th\u00e9orie\",\"vivre\"],\"articleSection\":[\"Petite biblioth\u00e8que\"],\"inLanguage\":\"fr-FR\"},{\"@type\":\"WebPage\",\"@id\":\"https:\/\/www.ecrivaine-essayiste.fr\/index.php\/2024\/01\/31\/vivre-avec-son-passe-une-philosophie-pour-aller-de-lavant-charles-pepin\/\",\"url\":\"https:\/\/www.ecrivaine-essayiste.fr\/index.php\/2024\/01\/31\/vivre-avec-son-passe-une-philosophie-pour-aller-de-lavant-charles-pepin\/\",\"name\":\"VIVRE AVEC SON PASS\u00c9 - Charles P\u00e9pin - B\u00e9atrysse Dartstray - \u00c9crivaine-essayiste Petite biblioth\u00e8que\",\"isPartOf\":{\"@id\":\"https:\/\/www.ecrivaine-essayiste.fr\/#website\"},\"datePublished\":\"2024-01-31T15:54:40+00:00\",\"dateModified\":\"2024-01-31T16:27:19+00:00\",\"description\":\"Hannah Arendt a per\u00e7u cette force incommensurable du pardon, il nous absout pour nous permettre d'avancer.\",\"breadcrumb\":{\"@id\":\"https:\/\/www.ecrivaine-essayiste.fr\/index.php\/2024\/01\/31\/vivre-avec-son-passe-une-philosophie-pour-aller-de-lavant-charles-pepin\/#breadcrumb\"},\"inLanguage\":\"fr-FR\",\"potentialAction\":[{\"@type\":\"ReadAction\",\"target\":[\"https:\/\/www.ecrivaine-essayiste.fr\/index.php\/2024\/01\/31\/vivre-avec-son-passe-une-philosophie-pour-aller-de-lavant-charles-pepin\/\"]}]},{\"@type\":\"BreadcrumbList\",\"@id\":\"https:\/\/www.ecrivaine-essayiste.fr\/index.php\/2024\/01\/31\/vivre-avec-son-passe-une-philosophie-pour-aller-de-lavant-charles-pepin\/#breadcrumb\",\"itemListElement\":[{\"@type\":\"ListItem\",\"position\":1,\"name\":\"Accueil\",\"item\":\"https:\/\/www.ecrivaine-essayiste.fr\/\"},{\"@type\":\"ListItem\",\"position\":2,\"name\":\"VIVRE AVEC SON PASS\u00c9, UNE PHILOSOPHIE POUR ALLER DE L&rsquo;AVANT &#8211; Charles P\u00e9pin\u00a0\"}]},{\"@type\":\"WebSite\",\"@id\":\"https:\/\/www.ecrivaine-essayiste.fr\/#website\",\"url\":\"https:\/\/www.ecrivaine-essayiste.fr\/\",\"name\":\"B\u00e9atrysse Dartstray - \u00c9crivaine-essayiste\",\"description\":\"Lecture plaisir...\",\"publisher\":{\"@id\":\"https:\/\/www.ecrivaine-essayiste.fr\/#organization\"},\"potentialAction\":[{\"@type\":\"SearchAction\",\"target\":{\"@type\":\"EntryPoint\",\"urlTemplate\":\"https:\/\/www.ecrivaine-essayiste.fr\/?s={search_term_string}\"},\"query-input\":{\"@type\":\"PropertyValueSpecification\",\"valueRequired\":true,\"valueName\":\"search_term_string\"}}],\"inLanguage\":\"fr-FR\"},{\"@type\":\"Organization\",\"@id\":\"https:\/\/www.ecrivaine-essayiste.fr\/#organization\",\"name\":\"B\u00e9atrysse Dartstray - \u00c9crivaine-essayiste\",\"url\":\"https:\/\/www.ecrivaine-essayiste.fr\/\",\"logo\":{\"@type\":\"ImageObject\",\"inLanguage\":\"fr-FR\",\"@id\":\"https:\/\/www.ecrivaine-essayiste.fr\/#\/schema\/logo\/image\/\",\"url\":\"https:\/\/www.ecrivaine-essayiste.fr\/wp-content\/uploads\/2017\/08\/cropped-havre_ecrivaine-essayiste.jpg\",\"contentUrl\":\"https:\/\/www.ecrivaine-essayiste.fr\/wp-content\/uploads\/2017\/08\/cropped-havre_ecrivaine-essayiste.jpg\",\"width\":2000,\"height\":1199,\"caption\":\"B\u00e9atrysse Dartstray - \u00c9crivaine-essayiste\"},\"image\":{\"@id\":\"https:\/\/www.ecrivaine-essayiste.fr\/#\/schema\/logo\/image\/\"}},{\"@type\":\"Person\",\"@id\":\"https:\/\/www.ecrivaine-essayiste.fr\/#\/schema\/person\/6028c912862314c24da1ba7ca2a56a0a\",\"name\":\"Beatrysse\",\"image\":{\"@type\":\"ImageObject\",\"inLanguage\":\"fr-FR\",\"@id\":\"https:\/\/www.ecrivaine-essayiste.fr\/#\/schema\/person\/image\/\",\"url\":\"https:\/\/secure.gravatar.com\/avatar\/460d9453eec44e3f1b526a4d80f87d69ec5bbd5f3beeb2ea12472ef865b22572?s=96&d=identicon&r=g\",\"contentUrl\":\"https:\/\/secure.gravatar.com\/avatar\/460d9453eec44e3f1b526a4d80f87d69ec5bbd5f3beeb2ea12472ef865b22572?s=96&d=identicon&r=g\",\"caption\":\"Beatrysse\"},\"url\":\"https:\/\/www.ecrivaine-essayiste.fr\/index.php\/author\/beatrysse\/\"}]}<\/script>\n<!-- \/ Yoast SEO plugin. -->","yoast_head_json":{"title":"VIVRE AVEC SON PASS\u00c9 - Charles P\u00e9pin - B\u00e9atrysse Dartstray - \u00c9crivaine-essayiste Petite biblioth\u00e8que","description":"Hannah Arendt a per\u00e7u cette force incommensurable du pardon, il nous absout pour nous permettre d'avancer.","robots":{"index":"index","follow":"follow","max-snippet":"max-snippet:-1","max-image-preview":"max-image-preview:large","max-video-preview":"max-video-preview:-1"},"canonical":"https:\/\/www.ecrivaine-essayiste.fr\/index.php\/2024\/01\/31\/vivre-avec-son-passe-une-philosophie-pour-aller-de-lavant-charles-pepin\/","og_locale":"fr_FR","og_type":"article","og_title":"VIVRE AVEC SON PASS\u00c9 - Charles P\u00e9pin - B\u00e9atrysse Dartstray - \u00c9crivaine-essayiste Petite biblioth\u00e8que","og_description":"Hannah Arendt a per\u00e7u cette force incommensurable du pardon, il nous absout pour nous permettre d'avancer.","og_url":"https:\/\/www.ecrivaine-essayiste.fr\/index.php\/2024\/01\/31\/vivre-avec-son-passe-une-philosophie-pour-aller-de-lavant-charles-pepin\/","og_site_name":"B\u00e9atrysse Dartstray - \u00c9crivaine-essayiste","article_published_time":"2024-01-31T15:54:40+00:00","article_modified_time":"2024-01-31T16:27:19+00:00","author":"Beatrysse","twitter_card":"summary_large_image","twitter_misc":{"\u00c9crit par":"Beatrysse","Dur\u00e9e de lecture estim\u00e9e":"22 minutes"},"schema":{"@context":"https:\/\/schema.org","@graph":[{"@type":"Article","@id":"https:\/\/www.ecrivaine-essayiste.fr\/index.php\/2024\/01\/31\/vivre-avec-son-passe-une-philosophie-pour-aller-de-lavant-charles-pepin\/#article","isPartOf":{"@id":"https:\/\/www.ecrivaine-essayiste.fr\/index.php\/2024\/01\/31\/vivre-avec-son-passe-une-philosophie-pour-aller-de-lavant-charles-pepin\/"},"author":{"name":"Beatrysse","@id":"https:\/\/www.ecrivaine-essayiste.fr\/#\/schema\/person\/6028c912862314c24da1ba7ca2a56a0a"},"headline":"VIVRE AVEC SON PASS\u00c9, UNE PHILOSOPHIE POUR ALLER DE L&rsquo;AVANT &#8211; Charles P\u00e9pin\u00a0","datePublished":"2024-01-31T15:54:40+00:00","dateModified":"2024-01-31T16:27:19+00:00","mainEntityOfPage":{"@id":"https:\/\/www.ecrivaine-essayiste.fr\/index.php\/2024\/01\/31\/vivre-avec-son-passe-une-philosophie-pour-aller-de-lavant-charles-pepin\/"},"wordCount":4963,"publisher":{"@id":"https:\/\/www.ecrivaine-essayiste.fr\/#organization"},"keywords":["action","\u00e2ge","allary","assertions","avant","Charles","concepts","conscience","continuum","divine","encodage","essai","existence","expressions","kandel","lecture","libre","\u0153uvre","pass\u00e9","pens\u00e9es","p\u00e9pin","philosophie","recueil","r\u00e9cup\u00e9ration","r\u00e9sonances","responsabilit\u00e9","sch\u00e9mas","souvenirs","squire","substance","syntaxico-s\u00e9mantique","th\u00e9orie","vivre"],"articleSection":["Petite biblioth\u00e8que"],"inLanguage":"fr-FR"},{"@type":"WebPage","@id":"https:\/\/www.ecrivaine-essayiste.fr\/index.php\/2024\/01\/31\/vivre-avec-son-passe-une-philosophie-pour-aller-de-lavant-charles-pepin\/","url":"https:\/\/www.ecrivaine-essayiste.fr\/index.php\/2024\/01\/31\/vivre-avec-son-passe-une-philosophie-pour-aller-de-lavant-charles-pepin\/","name":"VIVRE AVEC SON PASS\u00c9 - Charles P\u00e9pin - B\u00e9atrysse Dartstray - \u00c9crivaine-essayiste Petite biblioth\u00e8que","isPartOf":{"@id":"https:\/\/www.ecrivaine-essayiste.fr\/#website"},"datePublished":"2024-01-31T15:54:40+00:00","dateModified":"2024-01-31T16:27:19+00:00","description":"Hannah Arendt a per\u00e7u cette force incommensurable du pardon, il nous absout pour nous permettre d'avancer.","breadcrumb":{"@id":"https:\/\/www.ecrivaine-essayiste.fr\/index.php\/2024\/01\/31\/vivre-avec-son-passe-une-philosophie-pour-aller-de-lavant-charles-pepin\/#breadcrumb"},"inLanguage":"fr-FR","potentialAction":[{"@type":"ReadAction","target":["https:\/\/www.ecrivaine-essayiste.fr\/index.php\/2024\/01\/31\/vivre-avec-son-passe-une-philosophie-pour-aller-de-lavant-charles-pepin\/"]}]},{"@type":"BreadcrumbList","@id":"https:\/\/www.ecrivaine-essayiste.fr\/index.php\/2024\/01\/31\/vivre-avec-son-passe-une-philosophie-pour-aller-de-lavant-charles-pepin\/#breadcrumb","itemListElement":[{"@type":"ListItem","position":1,"name":"Accueil","item":"https:\/\/www.ecrivaine-essayiste.fr\/"},{"@type":"ListItem","position":2,"name":"VIVRE AVEC SON PASS\u00c9, UNE PHILOSOPHIE POUR ALLER DE L&rsquo;AVANT &#8211; Charles P\u00e9pin\u00a0"}]},{"@type":"WebSite","@id":"https:\/\/www.ecrivaine-essayiste.fr\/#website","url":"https:\/\/www.ecrivaine-essayiste.fr\/","name":"B\u00e9atrysse Dartstray - \u00c9crivaine-essayiste","description":"Lecture plaisir...","publisher":{"@id":"https:\/\/www.ecrivaine-essayiste.fr\/#organization"},"potentialAction":[{"@type":"SearchAction","target":{"@type":"EntryPoint","urlTemplate":"https:\/\/www.ecrivaine-essayiste.fr\/?s={search_term_string}"},"query-input":{"@type":"PropertyValueSpecification","valueRequired":true,"valueName":"search_term_string"}}],"inLanguage":"fr-FR"},{"@type":"Organization","@id":"https:\/\/www.ecrivaine-essayiste.fr\/#organization","name":"B\u00e9atrysse Dartstray - \u00c9crivaine-essayiste","url":"https:\/\/www.ecrivaine-essayiste.fr\/","logo":{"@type":"ImageObject","inLanguage":"fr-FR","@id":"https:\/\/www.ecrivaine-essayiste.fr\/#\/schema\/logo\/image\/","url":"https:\/\/www.ecrivaine-essayiste.fr\/wp-content\/uploads\/2017\/08\/cropped-havre_ecrivaine-essayiste.jpg","contentUrl":"https:\/\/www.ecrivaine-essayiste.fr\/wp-content\/uploads\/2017\/08\/cropped-havre_ecrivaine-essayiste.jpg","width":2000,"height":1199,"caption":"B\u00e9atrysse Dartstray - \u00c9crivaine-essayiste"},"image":{"@id":"https:\/\/www.ecrivaine-essayiste.fr\/#\/schema\/logo\/image\/"}},{"@type":"Person","@id":"https:\/\/www.ecrivaine-essayiste.fr\/#\/schema\/person\/6028c912862314c24da1ba7ca2a56a0a","name":"Beatrysse","image":{"@type":"ImageObject","inLanguage":"fr-FR","@id":"https:\/\/www.ecrivaine-essayiste.fr\/#\/schema\/person\/image\/","url":"https:\/\/secure.gravatar.com\/avatar\/460d9453eec44e3f1b526a4d80f87d69ec5bbd5f3beeb2ea12472ef865b22572?s=96&d=identicon&r=g","contentUrl":"https:\/\/secure.gravatar.com\/avatar\/460d9453eec44e3f1b526a4d80f87d69ec5bbd5f3beeb2ea12472ef865b22572?s=96&d=identicon&r=g","caption":"Beatrysse"},"url":"https:\/\/www.ecrivaine-essayiste.fr\/index.php\/author\/beatrysse\/"}]}},"_links":{"self":[{"href":"https:\/\/www.ecrivaine-essayiste.fr\/index.php\/wp-json\/wp\/v2\/posts\/1105","targetHints":{"allow":["GET"]}}],"collection":[{"href":"https:\/\/www.ecrivaine-essayiste.fr\/index.php\/wp-json\/wp\/v2\/posts"}],"about":[{"href":"https:\/\/www.ecrivaine-essayiste.fr\/index.php\/wp-json\/wp\/v2\/types\/post"}],"author":[{"embeddable":true,"href":"https:\/\/www.ecrivaine-essayiste.fr\/index.php\/wp-json\/wp\/v2\/users\/1"}],"replies":[{"embeddable":true,"href":"https:\/\/www.ecrivaine-essayiste.fr\/index.php\/wp-json\/wp\/v2\/comments?post=1105"}],"version-history":[{"count":9,"href":"https:\/\/www.ecrivaine-essayiste.fr\/index.php\/wp-json\/wp\/v2\/posts\/1105\/revisions"}],"predecessor-version":[{"id":1120,"href":"https:\/\/www.ecrivaine-essayiste.fr\/index.php\/wp-json\/wp\/v2\/posts\/1105\/revisions\/1120"}],"wp:attachment":[{"href":"https:\/\/www.ecrivaine-essayiste.fr\/index.php\/wp-json\/wp\/v2\/media?parent=1105"}],"wp:term":[{"taxonomy":"category","embeddable":true,"href":"https:\/\/www.ecrivaine-essayiste.fr\/index.php\/wp-json\/wp\/v2\/categories?post=1105"},{"taxonomy":"post_tag","embeddable":true,"href":"https:\/\/www.ecrivaine-essayiste.fr\/index.php\/wp-json\/wp\/v2\/tags?post=1105"}],"curies":[{"name":"wp","href":"https:\/\/api.w.org\/{rel}","templated":true}]}}