{"id":1054,"date":"2023-10-28T19:15:32","date_gmt":"2023-10-28T18:15:32","guid":{"rendered":"https:\/\/www.ecrivaine-essayiste.fr\/?p=1054"},"modified":"2024-04-22T16:42:35","modified_gmt":"2024-04-22T15:42:35","slug":"jai-decide-de-ne-pas-etre-mere-chloe-chaudet","status":"publish","type":"post","link":"https:\/\/www.ecrivaine-essayiste.fr\/index.php\/2023\/10\/28\/jai-decide-de-ne-pas-etre-mere-chloe-chaudet\/","title":{"rendered":"J&rsquo;AI D\u00c9CID\u00c9 DE NE PAS \u00caTRE M\u00c8RE &#8211; Chlo\u00e9 Chaudet"},"content":{"rendered":"<table style=\"width: 100%; border: none;\">\n<tbody>\n<tr>\n<td><img decoding=\"async\" class=\"alignright\" style=\"text-align: right; width: 305px; border: none;\" src=\"\/wp-content\/uploads\/2023\/10\/j-ai_decide_de_ne_pas_etre_mere.jpg\" alt=\"J'ai d\u00e9cid\u00e9 de ne pas \u00eatre m\u00e8re - Chlo\u00e9 Chaudet\" \/><\/td>\n<\/tr>\n<tr>\n<td style=\"text-align: left;\"><strong>Chlo\u00e9 Chaudet<\/strong><br \/>\n<strong>J&rsquo;AI D\u00c9CID\u00c9 DE NE PAS \u00caTRE M\u00c8RE<\/strong><br \/>\n<strong>\u00c9diteur : Iconoclaste &#8211; avril 2021<\/strong><br \/>\n<strong>EAN : <span class=\"a-list-item\">978-2378802288<\/span><br \/>\n<\/strong><\/td>\n<\/tr>\n<tr>\n<td style=\"text-align: left;\">CHLO\u00c9 CHAUDET EST AGR\u00c9G\u00c9E DE LETTRES MODERNES ET MA\u00ceTRESSE DE CONF\u00c9RENCE EN LITT\u00c9RATURE COMPAR\u00c9E, ELLE NOUS PROPOSE EN CET OUVRAGE UNE R\u00c9FLEXION SUR LE NON D\u00c9SIR D&rsquo;ENFANTER ET SUR SES R\u00c9SULTANTES. Lors de la parution de cet essai en avril 2021&#8230; \u00e9crit discr\u00e8tement autobiographique&#8230; CHLO\u00c9 CHAUDET venait de f\u00eater son 36e anniversaire, elle a donc 38 ans aujourd&rsquo;hui, \u00e2ge o\u00f9 il est encore possible pour les \u00eatres humains de genre f\u00e9minin d&rsquo;acc\u00e9der naturellement \u00e0 la procr\u00e9ation.Si le titre de ce livre peut para\u00eetre audacieux voire provocateur, l&rsquo;illustration en premi\u00e8re de couverture me para\u00eet quelque peu outranci\u00e8re compte tenu de la gravit\u00e9 du sujet trait\u00e9 par cette autrice.<\/p>\n<p>Certes au sein de l&rsquo;hexagone, la femme \u00e0 l&rsquo;instar de l&rsquo;homme est consid\u00e9r\u00e9e comme \u00e9tant libre de ses choix dans le cadre de la loi juridique civique fran\u00e7aise.<\/p>\n<p>En r\u00e9alit\u00e9, si la femme (et son compagnon) peut choisir d\u00e9lib\u00e9r\u00e9ment de ne pas acc\u00e9der \u00e0 la responsabilit\u00e9 parentale, l&rsquo;enfant que l&rsquo;on n&rsquo;attend pas est encore une r\u00e9alit\u00e9 aujourd&rsquo;hui car aucune technique contraceptive n&rsquo;est fiable \u00e0 100%, l&rsquo;intervention chirurgicale correspondant \u00e0 la ligature des trompes n&rsquo;\u00e9chappe pas \u00e0 ce constat.<\/p>\n<p>Alors commence \u00ab\u00a0le parcours du combattant\u00a0\u00bb.<br \/>\nChoisir de ne pas engendrer consiste en une profonde r\u00e9flexion \u00e0 remettre en question surtout lorsque les tests de grossesse peuvent s&rsquo;av\u00e9rer positifs malgr\u00e9 les ultimes pr\u00e9cautions prises par les partenaires d&rsquo;une union qui se veut lib\u00e9r\u00e9e des contraintes relatives \u00e0 la fonction parentale ; \u00e0 savoir, en particulier, par certaines femmes et quelques hommes f\u00e9ministes.<br \/>\nEn ce cas, il faudra prendre la d\u00e9cision ultime : renoncer \u00e0 l&rsquo;avortement ou demeurer sur son option primordiale.<\/p>\n<p>Pour l&rsquo;instant , Madame CHLO\u00c9 CHAUDET semble ne pas avoir \u00e9t\u00e9 confront\u00e9e au choix de la grossesse non d\u00e9sir\u00e9e et\/ou de l&rsquo;avortement, (technique chirurgicale non exempte de risques post-op\u00e9ratoires et\/ou psychologiques pour la patiente concern\u00e9e.)<\/p>\n<p><em style=\"font-size: revert; font-family: inherit; font-weight: inherit;\">Le d\u00e9sir de ne pas \u00eatre m\u00e8re, simplement par d\u00e9fi, n&rsquo;existe pas : c&rsquo;est en cela que ma pens\u00e9e diff\u00e8re de celle de Madame CHLO\u00c9 CHAUDET.<\/em><\/p>\n<p>Il demeure dans notre subconscient des strates qui d\u00e9finissent parfois \u00e0 notre insu nos choix et nos d\u00e9cisions qui ne sont finalement jamais totalement arbitraires.<\/p>\n<p>Renoncer \u00e0 la maternit\u00e9 ou \u00e0 la paternit\u00e9 au coeur d&rsquo;une existence terrestre o\u00f9 les minorit\u00e9s sont stigmatis\u00e9es consiste en un sacrifice pour tous ceux mais surtout toutes celles qui ont d\u00e9cid\u00e9 de poursuivre leur route dans une solitude absolue sans continuum \u00e0 revendiquer.<\/p>\n<p>Mais voil\u00e0 !&#8230;la r\u00e9alisatrice de cet ouvrage accepte de s&rsquo;avouer privil\u00e9gi\u00e9e puisque son \u00e9rudition lui permet de transmettre par voie orale (conf\u00e9rences) ou bien livresque, des connaissances acquises au prix d&rsquo;un travail \u00ab\u00a0acharn\u00e9\u00a0\u00bb et constant.<\/p>\n<p>Ainsi pour cette \u00e9crivaine dont la surdouance ne nous aura pas \u00e9chapp\u00e9, la transmission peut emprunter la voie g\u00e9n\u00e9tique mais d&rsquo;autres options sont ouvertes \u00e0 celles et ceux qui pensent porter la responsabilit\u00e9 de d\u00e9tenir un \u00ab\u00a0savoir\u00a0\u00bb, \u00ab\u00a0une exp\u00e9rience\u00a0\u00bb et\/ou \u00ab\u00a0un chemin de vie\u00a0\u00bb \u00e0 partager.<\/p>\n<p>D\u00e8s lors chaque \u00eatre humain devrait pouvoir exprimer des CHOIX DE VIE et prendre des responsabilit\u00e9s selon des r\u00e8gles sociales, \u00e9thiques et pragmatiques \u00e9tablies.<\/p>\n<p>Il faut bien reconna\u00eetre que cette libert\u00e9 ne nous appartient pas r\u00e9ellement.<\/p>\n<p>La notion du \u00ab\u00a0libre arbitre\u00a0\u00bb abord\u00e9e par nombre de nos \u00e9minents penseurs est loin d&rsquo;\u00eatre encore clarifi\u00e9e.<\/p>\n<p>Par cons\u00e9quent, Madame Chlo\u00e9 CHAUDET nous livre, en ce manuel, son \u00e9rudition, son exp\u00e9rience, sa sensibilit\u00e9.<br \/>\nSi cet ouvrage, \u00e0 certains \u00e9gards, appara\u00eet remarquable, il ne me semble pas totalement convainquant.<\/p>\n<p>Le langage, \u00e0 double niveau, utilis\u00e9 par cette essayiste peut compromettre l&rsquo;aspect s\u00e9mantique de ce dernier et la d\u00e9sinvolture stylistique employ\u00e9e par l&rsquo;autrice est susceptible d&rsquo;engendrer un contresens entre la forme et l&rsquo;entendement du message \u00e0 \u00ab\u00a0capturer\u00a0\u00bb.<\/p>\n<p>Cependant, d&rsquo;apr\u00e8s ce qu&rsquo;il m&rsquo;a \u00e9t\u00e9 donn\u00e9 d&rsquo;appr\u00e9hender, Madame Chlo\u00e9 CHAUDET semble vouloir nous r\u00e9v\u00e9ler, avec bienveillance, qu&rsquo;elle n&rsquo;a pas \u00e0 se justifier sur la question de son non d\u00e9sir d&rsquo;enfanter, induisant une d\u00e9cision mature qui doit \u00eatre absolument respect\u00e9e.<\/p>\n<p>En d&rsquo;autres termes : une femme (de genre f\u00e9minin) reste FEMME avec ou sans enfants.<\/td>\n<\/tr>\n<tr>\n<td style=\"text-align: right;\">B\u00e9atrysse Dartstray<\/td>\n<\/tr>\n<\/tbody>\n<\/table>\n","protected":false},"excerpt":{"rendered":"<p>Chlo\u00e9 Chaudet J&rsquo;AI D\u00c9CID\u00c9 DE NE PAS \u00caTRE M\u00c8RE \u00c9diteur : Iconoclaste &#8211; avril 2021 EAN : 978-2378802288 CHLO\u00c9 CHAUDET EST AGR\u00c9G\u00c9E DE LETTRES MODERNES ET MA\u00ceTRESSE DE CONF\u00c9RENCE EN LITT\u00c9RATURE COMPAR\u00c9E, ELLE NOUS PROPOSE EN CET OUVRAGE UNE R\u00c9FLEXION SUR LE NON D\u00c9SIR D&rsquo;ENFANTER ET SUR SES R\u00c9SULTANTES. Lors de la parution de cet &hellip; <\/p>\n<p class=\"link-more\"><a href=\"https:\/\/www.ecrivaine-essayiste.fr\/index.php\/2023\/10\/28\/jai-decide-de-ne-pas-etre-mere-chloe-chaudet\/\" class=\"more-link\">Continuer la lecture<span class=\"screen-reader-text\"> de &laquo;&nbsp;J&rsquo;AI D\u00c9CID\u00c9 DE NE PAS \u00caTRE M\u00c8RE &#8211; Chlo\u00e9 Chaudet&nbsp;&raquo;<\/span><\/a><\/p>\n","protected":false},"author":1,"featured_media":0,"comment_status":"closed","ping_status":"closed","sticky":false,"template":"","format":"standard","meta":{"footnotes":""},"categories":[1],"tags":[],"class_list":["post-1054","post","type-post","status-publish","format-standard","hentry","category-non-classe"],"yoast_head":"<!-- This site is optimized with the Yoast SEO plugin v27.1.1 - https:\/\/yoast.com\/product\/yoast-seo-wordpress\/ -->\n<title>J&#039;AI D\u00c9CID\u00c9 DE NE PAS \u00caTRE M\u00c8RE - Chlo\u00e9 Chaudet - B\u00e9atrysse Dartstray - \u00c9crivaine-essayiste<\/title>\n<meta name=\"robots\" content=\"index, follow, max-snippet:-1, max-image-preview:large, max-video-preview:-1\" \/>\n<link rel=\"canonical\" href=\"https:\/\/www.ecrivaine-essayiste.fr\/index.php\/2023\/10\/28\/jai-decide-de-ne-pas-etre-mere-chloe-chaudet\/\" \/>\n<meta property=\"og:locale\" content=\"fr_FR\" \/>\n<meta property=\"og:type\" content=\"article\" \/>\n<meta property=\"og:title\" content=\"J&#039;AI D\u00c9CID\u00c9 DE NE PAS \u00caTRE M\u00c8RE - Chlo\u00e9 Chaudet - B\u00e9atrysse Dartstray - \u00c9crivaine-essayiste\" \/>\n<meta property=\"og:description\" content=\"Chlo\u00e9 Chaudet J&rsquo;AI D\u00c9CID\u00c9 DE NE PAS \u00caTRE M\u00c8RE \u00c9diteur : Iconoclaste &#8211; avril 2021 EAN : 978-2378802288 CHLO\u00c9 CHAUDET EST AGR\u00c9G\u00c9E DE LETTRES MODERNES ET MA\u00ceTRESSE DE CONF\u00c9RENCE EN LITT\u00c9RATURE COMPAR\u00c9E, ELLE NOUS PROPOSE EN CET OUVRAGE UNE R\u00c9FLEXION SUR LE NON D\u00c9SIR D&rsquo;ENFANTER ET SUR SES R\u00c9SULTANTES. Lors de la parution de cet &hellip; Continuer la lecture de &laquo;&nbsp;J&rsquo;AI D\u00c9CID\u00c9 DE NE PAS \u00caTRE M\u00c8RE &#8211; Chlo\u00e9 Chaudet&nbsp;&raquo;\" \/>\n<meta property=\"og:url\" content=\"https:\/\/www.ecrivaine-essayiste.fr\/index.php\/2023\/10\/28\/jai-decide-de-ne-pas-etre-mere-chloe-chaudet\/\" \/>\n<meta property=\"og:site_name\" content=\"B\u00e9atrysse Dartstray - \u00c9crivaine-essayiste\" \/>\n<meta property=\"article:published_time\" content=\"2023-10-28T18:15:32+00:00\" \/>\n<meta property=\"article:modified_time\" content=\"2024-04-22T15:42:35+00:00\" \/>\n<meta name=\"author\" content=\"Beatrysse\" \/>\n<meta name=\"twitter:card\" content=\"summary_large_image\" \/>\n<meta name=\"twitter:label1\" content=\"\u00c9crit par\" \/>\n\t<meta name=\"twitter:data1\" content=\"Beatrysse\" \/>\n\t<meta name=\"twitter:label2\" content=\"Dur\u00e9e de lecture estim\u00e9e\" \/>\n\t<meta name=\"twitter:data2\" content=\"4 minutes\" \/>\n<script type=\"application\/ld+json\" class=\"yoast-schema-graph\">{\"@context\":\"https:\/\/schema.org\",\"@graph\":[{\"@type\":\"Article\",\"@id\":\"https:\/\/www.ecrivaine-essayiste.fr\/index.php\/2023\/10\/28\/jai-decide-de-ne-pas-etre-mere-chloe-chaudet\/#article\",\"isPartOf\":{\"@id\":\"https:\/\/www.ecrivaine-essayiste.fr\/index.php\/2023\/10\/28\/jai-decide-de-ne-pas-etre-mere-chloe-chaudet\/\"},\"author\":{\"name\":\"Beatrysse\",\"@id\":\"https:\/\/www.ecrivaine-essayiste.fr\/#\/schema\/person\/6028c912862314c24da1ba7ca2a56a0a\"},\"headline\":\"J&rsquo;AI D\u00c9CID\u00c9 DE NE PAS \u00caTRE M\u00c8RE &#8211; Chlo\u00e9 Chaudet\",\"datePublished\":\"2023-10-28T18:15:32+00:00\",\"dateModified\":\"2024-04-22T15:42:35+00:00\",\"mainEntityOfPage\":{\"@id\":\"https:\/\/www.ecrivaine-essayiste.fr\/index.php\/2023\/10\/28\/jai-decide-de-ne-pas-etre-mere-chloe-chaudet\/\"},\"wordCount\":779,\"publisher\":{\"@id\":\"https:\/\/www.ecrivaine-essayiste.fr\/#organization\"},\"inLanguage\":\"fr-FR\"},{\"@type\":\"WebPage\",\"@id\":\"https:\/\/www.ecrivaine-essayiste.fr\/index.php\/2023\/10\/28\/jai-decide-de-ne-pas-etre-mere-chloe-chaudet\/\",\"url\":\"https:\/\/www.ecrivaine-essayiste.fr\/index.php\/2023\/10\/28\/jai-decide-de-ne-pas-etre-mere-chloe-chaudet\/\",\"name\":\"J'AI D\u00c9CID\u00c9 DE NE PAS \u00caTRE M\u00c8RE - Chlo\u00e9 Chaudet - B\u00e9atrysse Dartstray - \u00c9crivaine-essayiste\",\"isPartOf\":{\"@id\":\"https:\/\/www.ecrivaine-essayiste.fr\/#website\"},\"datePublished\":\"2023-10-28T18:15:32+00:00\",\"dateModified\":\"2024-04-22T15:42:35+00:00\",\"breadcrumb\":{\"@id\":\"https:\/\/www.ecrivaine-essayiste.fr\/index.php\/2023\/10\/28\/jai-decide-de-ne-pas-etre-mere-chloe-chaudet\/#breadcrumb\"},\"inLanguage\":\"fr-FR\",\"potentialAction\":[{\"@type\":\"ReadAction\",\"target\":[\"https:\/\/www.ecrivaine-essayiste.fr\/index.php\/2023\/10\/28\/jai-decide-de-ne-pas-etre-mere-chloe-chaudet\/\"]}]},{\"@type\":\"BreadcrumbList\",\"@id\":\"https:\/\/www.ecrivaine-essayiste.fr\/index.php\/2023\/10\/28\/jai-decide-de-ne-pas-etre-mere-chloe-chaudet\/#breadcrumb\",\"itemListElement\":[{\"@type\":\"ListItem\",\"position\":1,\"name\":\"Accueil\",\"item\":\"https:\/\/www.ecrivaine-essayiste.fr\/\"},{\"@type\":\"ListItem\",\"position\":2,\"name\":\"J&rsquo;AI D\u00c9CID\u00c9 DE NE PAS \u00caTRE M\u00c8RE &#8211; Chlo\u00e9 Chaudet\"}]},{\"@type\":\"WebSite\",\"@id\":\"https:\/\/www.ecrivaine-essayiste.fr\/#website\",\"url\":\"https:\/\/www.ecrivaine-essayiste.fr\/\",\"name\":\"B\u00e9atrysse Dartstray - \u00c9crivaine-essayiste\",\"description\":\"Lecture plaisir...\",\"publisher\":{\"@id\":\"https:\/\/www.ecrivaine-essayiste.fr\/#organization\"},\"potentialAction\":[{\"@type\":\"SearchAction\",\"target\":{\"@type\":\"EntryPoint\",\"urlTemplate\":\"https:\/\/www.ecrivaine-essayiste.fr\/?s={search_term_string}\"},\"query-input\":{\"@type\":\"PropertyValueSpecification\",\"valueRequired\":true,\"valueName\":\"search_term_string\"}}],\"inLanguage\":\"fr-FR\"},{\"@type\":\"Organization\",\"@id\":\"https:\/\/www.ecrivaine-essayiste.fr\/#organization\",\"name\":\"B\u00e9atrysse Dartstray - \u00c9crivaine-essayiste\",\"url\":\"https:\/\/www.ecrivaine-essayiste.fr\/\",\"logo\":{\"@type\":\"ImageObject\",\"inLanguage\":\"fr-FR\",\"@id\":\"https:\/\/www.ecrivaine-essayiste.fr\/#\/schema\/logo\/image\/\",\"url\":\"https:\/\/www.ecrivaine-essayiste.fr\/wp-content\/uploads\/2017\/08\/cropped-havre_ecrivaine-essayiste.jpg\",\"contentUrl\":\"https:\/\/www.ecrivaine-essayiste.fr\/wp-content\/uploads\/2017\/08\/cropped-havre_ecrivaine-essayiste.jpg\",\"width\":2000,\"height\":1199,\"caption\":\"B\u00e9atrysse Dartstray - \u00c9crivaine-essayiste\"},\"image\":{\"@id\":\"https:\/\/www.ecrivaine-essayiste.fr\/#\/schema\/logo\/image\/\"}},{\"@type\":\"Person\",\"@id\":\"https:\/\/www.ecrivaine-essayiste.fr\/#\/schema\/person\/6028c912862314c24da1ba7ca2a56a0a\",\"name\":\"Beatrysse\",\"image\":{\"@type\":\"ImageObject\",\"inLanguage\":\"fr-FR\",\"@id\":\"https:\/\/www.ecrivaine-essayiste.fr\/#\/schema\/person\/image\/\",\"url\":\"https:\/\/secure.gravatar.com\/avatar\/460d9453eec44e3f1b526a4d80f87d69ec5bbd5f3beeb2ea12472ef865b22572?s=96&d=identicon&r=g\",\"contentUrl\":\"https:\/\/secure.gravatar.com\/avatar\/460d9453eec44e3f1b526a4d80f87d69ec5bbd5f3beeb2ea12472ef865b22572?s=96&d=identicon&r=g\",\"caption\":\"Beatrysse\"},\"url\":\"https:\/\/www.ecrivaine-essayiste.fr\/index.php\/author\/beatrysse\/\"}]}<\/script>\n<!-- \/ Yoast SEO plugin. -->","yoast_head_json":{"title":"J'AI D\u00c9CID\u00c9 DE NE PAS \u00caTRE M\u00c8RE - Chlo\u00e9 Chaudet - B\u00e9atrysse Dartstray - \u00c9crivaine-essayiste","robots":{"index":"index","follow":"follow","max-snippet":"max-snippet:-1","max-image-preview":"max-image-preview:large","max-video-preview":"max-video-preview:-1"},"canonical":"https:\/\/www.ecrivaine-essayiste.fr\/index.php\/2023\/10\/28\/jai-decide-de-ne-pas-etre-mere-chloe-chaudet\/","og_locale":"fr_FR","og_type":"article","og_title":"J'AI D\u00c9CID\u00c9 DE NE PAS \u00caTRE M\u00c8RE - Chlo\u00e9 Chaudet - B\u00e9atrysse Dartstray - \u00c9crivaine-essayiste","og_description":"Chlo\u00e9 Chaudet J&rsquo;AI D\u00c9CID\u00c9 DE NE PAS \u00caTRE M\u00c8RE \u00c9diteur : Iconoclaste &#8211; avril 2021 EAN : 978-2378802288 CHLO\u00c9 CHAUDET EST AGR\u00c9G\u00c9E DE LETTRES MODERNES ET MA\u00ceTRESSE DE CONF\u00c9RENCE EN LITT\u00c9RATURE COMPAR\u00c9E, ELLE NOUS PROPOSE EN CET OUVRAGE UNE R\u00c9FLEXION SUR LE NON D\u00c9SIR D&rsquo;ENFANTER ET SUR SES R\u00c9SULTANTES. Lors de la parution de cet &hellip; Continuer la lecture de &laquo;&nbsp;J&rsquo;AI D\u00c9CID\u00c9 DE NE PAS \u00caTRE M\u00c8RE &#8211; Chlo\u00e9 Chaudet&nbsp;&raquo;","og_url":"https:\/\/www.ecrivaine-essayiste.fr\/index.php\/2023\/10\/28\/jai-decide-de-ne-pas-etre-mere-chloe-chaudet\/","og_site_name":"B\u00e9atrysse Dartstray - \u00c9crivaine-essayiste","article_published_time":"2023-10-28T18:15:32+00:00","article_modified_time":"2024-04-22T15:42:35+00:00","author":"Beatrysse","twitter_card":"summary_large_image","twitter_misc":{"\u00c9crit par":"Beatrysse","Dur\u00e9e de lecture estim\u00e9e":"4 minutes"},"schema":{"@context":"https:\/\/schema.org","@graph":[{"@type":"Article","@id":"https:\/\/www.ecrivaine-essayiste.fr\/index.php\/2023\/10\/28\/jai-decide-de-ne-pas-etre-mere-chloe-chaudet\/#article","isPartOf":{"@id":"https:\/\/www.ecrivaine-essayiste.fr\/index.php\/2023\/10\/28\/jai-decide-de-ne-pas-etre-mere-chloe-chaudet\/"},"author":{"name":"Beatrysse","@id":"https:\/\/www.ecrivaine-essayiste.fr\/#\/schema\/person\/6028c912862314c24da1ba7ca2a56a0a"},"headline":"J&rsquo;AI D\u00c9CID\u00c9 DE NE PAS \u00caTRE M\u00c8RE &#8211; Chlo\u00e9 Chaudet","datePublished":"2023-10-28T18:15:32+00:00","dateModified":"2024-04-22T15:42:35+00:00","mainEntityOfPage":{"@id":"https:\/\/www.ecrivaine-essayiste.fr\/index.php\/2023\/10\/28\/jai-decide-de-ne-pas-etre-mere-chloe-chaudet\/"},"wordCount":779,"publisher":{"@id":"https:\/\/www.ecrivaine-essayiste.fr\/#organization"},"inLanguage":"fr-FR"},{"@type":"WebPage","@id":"https:\/\/www.ecrivaine-essayiste.fr\/index.php\/2023\/10\/28\/jai-decide-de-ne-pas-etre-mere-chloe-chaudet\/","url":"https:\/\/www.ecrivaine-essayiste.fr\/index.php\/2023\/10\/28\/jai-decide-de-ne-pas-etre-mere-chloe-chaudet\/","name":"J'AI D\u00c9CID\u00c9 DE NE PAS \u00caTRE M\u00c8RE - Chlo\u00e9 Chaudet - B\u00e9atrysse Dartstray - \u00c9crivaine-essayiste","isPartOf":{"@id":"https:\/\/www.ecrivaine-essayiste.fr\/#website"},"datePublished":"2023-10-28T18:15:32+00:00","dateModified":"2024-04-22T15:42:35+00:00","breadcrumb":{"@id":"https:\/\/www.ecrivaine-essayiste.fr\/index.php\/2023\/10\/28\/jai-decide-de-ne-pas-etre-mere-chloe-chaudet\/#breadcrumb"},"inLanguage":"fr-FR","potentialAction":[{"@type":"ReadAction","target":["https:\/\/www.ecrivaine-essayiste.fr\/index.php\/2023\/10\/28\/jai-decide-de-ne-pas-etre-mere-chloe-chaudet\/"]}]},{"@type":"BreadcrumbList","@id":"https:\/\/www.ecrivaine-essayiste.fr\/index.php\/2023\/10\/28\/jai-decide-de-ne-pas-etre-mere-chloe-chaudet\/#breadcrumb","itemListElement":[{"@type":"ListItem","position":1,"name":"Accueil","item":"https:\/\/www.ecrivaine-essayiste.fr\/"},{"@type":"ListItem","position":2,"name":"J&rsquo;AI D\u00c9CID\u00c9 DE NE PAS \u00caTRE M\u00c8RE &#8211; Chlo\u00e9 Chaudet"}]},{"@type":"WebSite","@id":"https:\/\/www.ecrivaine-essayiste.fr\/#website","url":"https:\/\/www.ecrivaine-essayiste.fr\/","name":"B\u00e9atrysse Dartstray - \u00c9crivaine-essayiste","description":"Lecture plaisir...","publisher":{"@id":"https:\/\/www.ecrivaine-essayiste.fr\/#organization"},"potentialAction":[{"@type":"SearchAction","target":{"@type":"EntryPoint","urlTemplate":"https:\/\/www.ecrivaine-essayiste.fr\/?s={search_term_string}"},"query-input":{"@type":"PropertyValueSpecification","valueRequired":true,"valueName":"search_term_string"}}],"inLanguage":"fr-FR"},{"@type":"Organization","@id":"https:\/\/www.ecrivaine-essayiste.fr\/#organization","name":"B\u00e9atrysse Dartstray - \u00c9crivaine-essayiste","url":"https:\/\/www.ecrivaine-essayiste.fr\/","logo":{"@type":"ImageObject","inLanguage":"fr-FR","@id":"https:\/\/www.ecrivaine-essayiste.fr\/#\/schema\/logo\/image\/","url":"https:\/\/www.ecrivaine-essayiste.fr\/wp-content\/uploads\/2017\/08\/cropped-havre_ecrivaine-essayiste.jpg","contentUrl":"https:\/\/www.ecrivaine-essayiste.fr\/wp-content\/uploads\/2017\/08\/cropped-havre_ecrivaine-essayiste.jpg","width":2000,"height":1199,"caption":"B\u00e9atrysse Dartstray - \u00c9crivaine-essayiste"},"image":{"@id":"https:\/\/www.ecrivaine-essayiste.fr\/#\/schema\/logo\/image\/"}},{"@type":"Person","@id":"https:\/\/www.ecrivaine-essayiste.fr\/#\/schema\/person\/6028c912862314c24da1ba7ca2a56a0a","name":"Beatrysse","image":{"@type":"ImageObject","inLanguage":"fr-FR","@id":"https:\/\/www.ecrivaine-essayiste.fr\/#\/schema\/person\/image\/","url":"https:\/\/secure.gravatar.com\/avatar\/460d9453eec44e3f1b526a4d80f87d69ec5bbd5f3beeb2ea12472ef865b22572?s=96&d=identicon&r=g","contentUrl":"https:\/\/secure.gravatar.com\/avatar\/460d9453eec44e3f1b526a4d80f87d69ec5bbd5f3beeb2ea12472ef865b22572?s=96&d=identicon&r=g","caption":"Beatrysse"},"url":"https:\/\/www.ecrivaine-essayiste.fr\/index.php\/author\/beatrysse\/"}]}},"_links":{"self":[{"href":"https:\/\/www.ecrivaine-essayiste.fr\/index.php\/wp-json\/wp\/v2\/posts\/1054","targetHints":{"allow":["GET"]}}],"collection":[{"href":"https:\/\/www.ecrivaine-essayiste.fr\/index.php\/wp-json\/wp\/v2\/posts"}],"about":[{"href":"https:\/\/www.ecrivaine-essayiste.fr\/index.php\/wp-json\/wp\/v2\/types\/post"}],"author":[{"embeddable":true,"href":"https:\/\/www.ecrivaine-essayiste.fr\/index.php\/wp-json\/wp\/v2\/users\/1"}],"replies":[{"embeddable":true,"href":"https:\/\/www.ecrivaine-essayiste.fr\/index.php\/wp-json\/wp\/v2\/comments?post=1054"}],"version-history":[{"count":4,"href":"https:\/\/www.ecrivaine-essayiste.fr\/index.php\/wp-json\/wp\/v2\/posts\/1054\/revisions"}],"predecessor-version":[{"id":1143,"href":"https:\/\/www.ecrivaine-essayiste.fr\/index.php\/wp-json\/wp\/v2\/posts\/1054\/revisions\/1143"}],"wp:attachment":[{"href":"https:\/\/www.ecrivaine-essayiste.fr\/index.php\/wp-json\/wp\/v2\/media?parent=1054"}],"wp:term":[{"taxonomy":"category","embeddable":true,"href":"https:\/\/www.ecrivaine-essayiste.fr\/index.php\/wp-json\/wp\/v2\/categories?post=1054"},{"taxonomy":"post_tag","embeddable":true,"href":"https:\/\/www.ecrivaine-essayiste.fr\/index.php\/wp-json\/wp\/v2\/tags?post=1054"}],"curies":[{"name":"wp","href":"https:\/\/api.w.org\/{rel}","templated":true}]}}